{"id":62600,"date":"2019-09-27T12:51:23","date_gmt":"2019-09-27T16:51:23","guid":{"rendered":"https:\/\/linitiative.ca\/International\/jijel-ya-teboune-ya-benflis-hada-echaab-houwa-errais\/"},"modified":"2019-09-27T12:51:23","modified_gmt":"2019-09-27T16:51:23","slug":"jijel-ya-teboune-ya-benflis-hada-echaab-houwa-errais","status":"publish","type":"post","link":"https:\/\/linitiative.ca\/International\/jijel-ya-teboune-ya-benflis-hada-echaab-houwa-errais\/","title":{"rendered":"Jijel :\u00a0\u00ab\u00a0Ya Teboune ya Benflis hada ech\u00e2ab houwa errais\u00a0\u00bb"},"content":{"rendered":"<h4 class=\"title-14\"\/>\n<div class=\"featured_image\"><img width=\"1456\" height=\"1089\" data-cfsrc=\"https:\/\/www.elwatan.com\/wp-content\/uploads\/2019\/09\/Jijel-marche-32e.jpg\" class=\"attachment-post-thumbnail size-post-thumbnail wp-post-image c2\" alt=\"\" srcset=\"https:\/\/www.elwatan.com\/wp-content\/uploads\/2019\/09\/Jijel-marche-32e.jpg 1456w, https:\/\/www.elwatan.com\/wp-content\/uploads\/2019\/09\/Jijel-marche-32e-300x224.jpg 300w, https:\/\/www.elwatan.com\/wp-content\/uploads\/2019\/09\/Jijel-marche-32e-768x574.jpg 768w, https:\/\/www.elwatan.com\/wp-content\/uploads\/2019\/09\/Jijel-marche-32e-1024x766.jpg 1024w, https:\/\/www.elwatan.com\/wp-content\/uploads\/2019\/09\/Jijel-marche-32e-1320x987.jpg 1320w\" sizes=\"(max-width: 1456px) 100vw, 1456px\"\/><noscript><\/p>\n<p><img loading=\"lazy\" decoding=\"async\" width=\"1456\" height=\"1089\" src=\"https:\/\/www.elwatan.com\/wp-content\/uploads\/2019\/09\/Jijel-marche-32e.jpg\" class=\"attachment-post-thumbnail size-post-thumbnail wp-post-image\" alt=\"\" srcset=\"https:\/\/www.elwatan.com\/wp-content\/uploads\/2019\/09\/Jijel-marche-32e.jpg 1456w, https:\/\/www.elwatan.com\/wp-content\/uploads\/2019\/09\/Jijel-marche-32e-300x224.jpg 300w, https:\/\/www.elwatan.com\/wp-content\/uploads\/2019\/09\/Jijel-marche-32e-768x574.jpg 768w, https:\/\/www.elwatan.com\/wp-content\/uploads\/2019\/09\/Jijel-marche-32e-1024x766.jpg 1024w, https:\/\/www.elwatan.com\/wp-content\/uploads\/2019\/09\/Jijel-marche-32e-1320x987.jpg 1320w\" sizes=\"auto, (max-width: 1456px) 100vw, 1456px\"\/><\/p>\n<p><\/noscript> <span class=\"featured-image-caption\">Photo : El Watan<\/span><\/div>\n<p>La 32\u00e8me mobilisation populaire \u00e0 Jijel a r\u00e9it\u00e9r\u00e9 son rejet de l\u2019\u00e9lection pr\u00e9sidentielle du 12 d\u00e9cembre prochain avec les m\u00eames symboles de l\u2019ancien r\u00e9gime.<\/p>\n<p>Comme lors des pr\u00e9c\u00e9dentes marches, les slogans ont cibl\u00e9 les \u00e9lections et le chef d\u2019\u00e9tat-major de l\u2019arm\u00e9e. On comprendra que la rue rejette cat\u00e9goriquement une \u00e9lection avec Bensalah et Bedoui toujours en poste en scandant \u00ab\u00a0Yetnahaw g3a\u00a0\u00bb (Ils d\u00e9gageront tous), \u00ab\u00a0On ne votera qu\u2019apr\u00e8s votre d\u00e9part\u00a0\u00bb, \u00ab\u00a0Organisez des \u00e9lections dans les casernes\u00a0\u00bb.<\/p>\n<p>Benflis et Tebboune se retrouveront eux aussi dans le collimateur des manifestants qui leur diront \u00ab\u00a0Le pr\u00e9sident c\u2019est ce peuple\u00a0\u00bb.<\/p>\n<p>Ga\u00efd Salah sera cibl\u00e9 comme les semaines pr\u00e9c\u00e9dentes par les manifestants qui ont scand\u00e9 cibl\u00e9 par\u00ab\u00a0Adalat etilifone, wal Ga\u00efd wella feraoun\u201d (La justice du telephone et Ga\u00efd se prend pour un Pharaon), \u00ab\u00a0Barakat des discours des casernes\u00a0\u00bb, \u00ab\u00a0Ce peuple ne veut plus d\u2019un pouvoir militaire\u00a0\u00bb, \u00ab\u00a0Zkara fel Ga\u00efd, Imazighen\u00a0\u00bb, \u00ab\u00a0El wed fel wed, nehou el isaba nzidou elgaid\u00a0\u00bb (Main dans la main on viendra \u00e0 bout de la bande, puis de Ga\u00efd).<\/p>\n<p>Les marcheurs demanderont par ailleurs la lib\u00e9ration des d\u00e9tenus en criant \u00ab\u00a0Lib\u00e9rez nos enfants, haggarine\u00a0\u00bb, \u00ab\u00a0Allah ou akbar, Karim Tabou\u00a0\u00bb ou encore \u00ab\u00a0\u00ab\u00a0Lib\u00e9rez Boumala, lib\u00e9rez Boureg\u00e2a\u00a0\u00bb.<\/p>\n<p>On mentionnera que la chanson de Oulahlou, \u00ab\u00a0Pouvoir assassin\u00a0\u00bb compos\u00e9e apr\u00e8s les \u00e9v\u00e9nements de Kabylie de 2001 a \u00e9t\u00e9 reprise avec des paroles en arabe adapt\u00e9es \u00e0 la situation actuelle.<\/p>\n<p><span class=\"post-views-label\">Post Views:<\/span> <span class=\"post-views-count\">335<\/span><\/p>\n<p><br class=\"c4\"\/><\/p>\n<p>Auteur: Mohand Yahiaoui<br \/>\n<a href=\"https:\/\/www.elwatan.com\/a-la-une\/jijel-ya-teboune-ya-benflis-hada-echaab-houwa-errais-27-09-2019\">Cliquez ici pour lire l&rsquo;article depuis sa source.<\/a><\/p>\n","protected":false},"excerpt":{"rendered":"<p>Photo : El Watan La 32\u00e8me mobilisation populaire \u00e0 Jijel a r\u00e9it\u00e9r\u00e9 son rejet de l\u2019\u00e9lection pr\u00e9sidentielle du 12 d\u00e9cembre prochain avec les m\u00eames symboles de l\u2019ancien r\u00e9gime. Comme lors des pr\u00e9c\u00e9dentes marches, les slogans ont cibl\u00e9 les \u00e9lections et le chef d\u2019\u00e9tat-major de l\u2019arm\u00e9e. On comprendra que la rue rejette cat\u00e9goriquement une \u00e9lection avec [&hellip;]<\/p>\n","protected":false},"author":1743,"featured_media":62601,"comment_status":"closed","ping_status":"closed","sticky":false,"template":"","format":"standard","meta":{"fifu_image_url":"","fifu_image_alt":"","footnotes":""},"categories":[73,53],"tags":[],"class_list":["post-62600","post","type-post","status-publish","format-standard","has-post-thumbnail","hentry","category-actualite","category-algerie"],"_links":{"self":[{"href":"https:\/\/linitiative.ca\/International\/wp-json\/wp\/v2\/posts\/62600","targetHints":{"allow":["GET"]}}],"collection":[{"href":"https:\/\/linitiative.ca\/International\/wp-json\/wp\/v2\/posts"}],"about":[{"href":"https:\/\/linitiative.ca\/International\/wp-json\/wp\/v2\/types\/post"}],"author":[{"embeddable":true,"href":"https:\/\/linitiative.ca\/International\/wp-json\/wp\/v2\/users\/1743"}],"replies":[{"embeddable":true,"href":"https:\/\/linitiative.ca\/International\/wp-json\/wp\/v2\/comments?post=62600"}],"version-history":[{"count":0,"href":"https:\/\/linitiative.ca\/International\/wp-json\/wp\/v2\/posts\/62600\/revisions"}],"wp:featuredmedia":[{"embeddable":true,"href":"https:\/\/linitiative.ca\/International\/wp-json\/"}],"wp:attachment":[{"href":"https:\/\/linitiative.ca\/International\/wp-json\/wp\/v2\/media?parent=62600"}],"wp:term":[{"taxonomy":"category","embeddable":true,"href":"https:\/\/linitiative.ca\/International\/wp-json\/wp\/v2\/categories?post=62600"},{"taxonomy":"post_tag","embeddable":true,"href":"https:\/\/linitiative.ca\/International\/wp-json\/wp\/v2\/tags?post=62600"}],"curies":[{"name":"wp","href":"https:\/\/api.w.org\/{rel}","templated":true}]}}