{"id":62602,"date":"2019-09-27T13:28:23","date_gmt":"2019-09-27T17:28:23","guid":{"rendered":"https:\/\/linitiative.ca\/International\/mascara-toujours-au-rendez-vous-du-hirak\/"},"modified":"2019-09-27T13:28:23","modified_gmt":"2019-09-27T17:28:23","slug":"mascara-toujours-au-rendez-vous-du-hirak","status":"publish","type":"post","link":"https:\/\/linitiative.ca\/International\/mascara-toujours-au-rendez-vous-du-hirak\/","title":{"rendered":"Mascara : Toujours au rendez-vous du Hirak"},"content":{"rendered":"<h4 class=\"title-14\"\/>\n<div class=\"featured_image\"><img width=\"821\" height=\"459\" data-cfsrc=\"https:\/\/www.elwatan.com\/wp-content\/uploads\/2019\/09\/Hirak-\u00e0-Mascara-1-e1569606544787.jpg\" class=\"attachment-post-thumbnail size-post-thumbnail wp-post-image c2\" alt=\"\" srcset=\"https:\/\/www.elwatan.com\/wp-content\/uploads\/2019\/09\/Hirak-\u00e0-Mascara-1-e1569606544787.jpg 821w, https:\/\/www.elwatan.com\/wp-content\/uploads\/2019\/09\/Hirak-\u00e0-Mascara-1-e1569606544787-300x168.jpg 300w, https:\/\/www.elwatan.com\/wp-content\/uploads\/2019\/09\/Hirak-\u00e0-Mascara-1-e1569606544787-768x429.jpg 768w\" sizes=\"(max-width: 821px) 100vw, 821px\"\/><noscript><\/p>\n<p><img loading=\"lazy\" decoding=\"async\" width=\"821\" height=\"459\" src=\"https:\/\/www.elwatan.com\/wp-content\/uploads\/2019\/09\/Hirak-%C3%A0-Mascara-1-e1569606544787.jpg\" class=\"attachment-post-thumbnail size-post-thumbnail wp-post-image\" alt=\"\" srcset=\"https:\/\/www.elwatan.com\/wp-content\/uploads\/2019\/09\/Hirak-\u00e0-Mascara-1-e1569606544787.jpg 821w, https:\/\/www.elwatan.com\/wp-content\/uploads\/2019\/09\/Hirak-\u00e0-Mascara-1-e1569606544787-300x168.jpg 300w, https:\/\/www.elwatan.com\/wp-content\/uploads\/2019\/09\/Hirak-\u00e0-Mascara-1-e1569606544787-768x429.jpg 768w\" sizes=\"auto, (max-width: 821px) 100vw, 821px\"\/><\/p>\n<p><\/noscript> <span class=\"featured-image-caption\">Photo : El Watan<\/span><\/div>\n<p>Les activistes du Hirak \u00e0 Mascara et \u00e0 Mohamamdia (45 km de Mascara) restent d\u00e9termin\u00e9s \u00e0 poursuivre la lutte. En cette 32e \u00e9duction du mouvement populaire, ni la canicule, ni les intimidations des laudateurs opportunistes n\u2019ont affect\u00e9s le moral des fid\u00e8les des principes de la r\u00e9volution pacifique n\u00e9e le 22 f\u00e9vrier.<\/p>\n<p>C\u2019est \u00e0 partir de la place \u00c9mir Abdelkader, en plein centre-ville de Mascara, que la marche des activistes du Hirak a \u00e9t\u00e9 entam\u00e9e sous les slogans\u00a0: \u00ab\u0645\u0643\u0627\u0646\u0634 \u0627\u0644\u062e\u0627\u0645\u0633\u0629 \u0628\u0647\u0627\u0630\u064a \u0627\u0644\u0637\u0631\u064a\u0642\u0629\u060c \u062c\u064a\u0628\u0648 \u0627\u0644\u0628\u064a\u0627\u0631\u064a\u060c \u062c\u064a\u0628\u0648 \u0627\u0644\u0635\u0627\u0639\u0642\u0629 (Pas de 5e mandat de cette mani\u00e8re, Ramenez la BRI ou les forces sp\u00e9ciales)\u00bb et \u00ab\u062f\u064a\u0631\u0648 \u0627\u0644\u0625\u0646\u062a\u062e\u0627\u0628\u0627\u062a \u0641\u064a \u0627\u0644\u0625\u0645\u0627\u0631\u0627\u062a\u00a0 (Organisez les \u00e9lections aux \u00c9mirats).\u00bb<\/p>\n<p>Invit\u00e9 par nos soins \u00e0 donner son avis sur la question des \u00e9lections pr\u00e9sidentielles pr\u00e9vus le 12 decembre, F. Mokhtari, enseignant \u00e0 l\u2019Universit\u00e9 de Mascara nous dira\u00a0: <em>\u00abNous ne sommes pas contre les pr\u00e9sidentielles. Non, nous sommes contre l\u2019organisation des \u00e9lections par les m\u00eames fraudeurs \u00e0 savoir les symboles de l\u2019ancien pr\u00e9sident d\u00e9chu. Rien n\u2019a \u00e9t\u00e9 chang\u00e9\u00a0! Ni la loi \u00e9lectorale, ni les faussaires. M\u00eame cette instance dite l\u2019Autorit\u00e9 nationale ind\u00e9pendante d\u2019organisation des \u00e9lections n\u2019a rien de sp\u00e9cial car elle n\u2019est qu\u2019une copie retouch\u00e9e de la pr\u00e9c\u00e9dente.\u00bb<\/em><\/p>\n<p>En arrivant devant le si\u00e8ge du parti FLN dont les deux SG sont \u00e0 la prison d\u2019El Harach, les manifestants ont marqu\u00e9 une halte pour cr\u00e9er haut et fort d\u2019une m\u00eame voix\u00a0:\u00a0\u00ab\u0623\u0631\u0646\u062f\u064a\u060c \u0623\u0641\u0644\u0627\u0646 \u0641\u064a \u0627\u0644\u062d\u0631\u0627\u0634 (RND, FLN \u00e0 la prison d\u2019El Harrach), \u00ab\u0623\u0631\u0646\u062f\u064a\u060c \u0623\u0641\u0644\u0627\u0646\u060c \u062d\u0643\u0648\u0645\u0629\u060c \u0628\u0631\u0644\u0645\u0627\u0646\u060c \u064a\u0631\u062d\u0644\u0648\u0627 \u0642\u0627\u0639 (RND, FLN, Gouvernement, Parlement, d\u00e9gagez tous).\u00bb<\/p>\n<p>Sous les regards des agents en uniformes et en civile des diff\u00e9rents services de s\u00e9curit\u00e9s, les manifestants dont certains avec leurs enfants drap\u00e9s de l\u2019embl\u00e8me nationale port\u00e9s sur les \u00e9paules ont r\u00e9it\u00e9r\u00e9 leurs refus des \u00e9lections encadr\u00e9es par les secr\u00e9taires g\u00e9n\u00e9raux des APC et autres \u00e9lus des partis qui ont mang\u00e9 et qui continuent de manger aux r\u00e2teliers du pouvoir.<\/p>\n<p>Devant le si\u00e8ge de la wilaya, les manifestant ont encore scand\u00e9\u00a0: \u00ab\u0639\u0645\u0631\u0648\u0627 \u0627\u0644\u0625\u0633\u062a\u0645\u0627\u0631\u0627\u062a \u0641\u064a \u0627\u0644\u0625\u0645\u0627\u0631\u0627\u062a (Remplissez les formulaires de souscription des signatures individuelles aux \u00c9mirats)\u00a0\u00bb et \u00ab\u00a0\u0627\u0644\u0634\u0639\u0628 \u0644\u0627 \u064a\u0631\u064a\u062f \u062d\u0643\u0645 \u0627\u0644\u0639\u0633\u0643\u0631 \u0645\u0646 \u062c\u062f\u064a\u062f (Le peuple ne veut pas d\u2019un pouvoir militaire \u00e0 nouveau).\u00bb<\/p>\n<p>Plusieurs banderoles ont \u00e9t\u00e9 brandies par les manifestants sur lesquelles ont pouvait lire\u00a0: \u00abAbdelmadjid Teboun = Cinqui\u00e8me mandat\u00bb, \u00ab7 et 8 = Pouvoir au peuple\u00bb\u00a0et \u00ab\u0644\u0627 \u0644\u0644\u0625\u0646\u062a\u062e\u0627\u0628\u0627\u062a \u0645\u0639 \u0627\u0644\u0639\u0635\u0627\u0628\u0627\u062a (Non aux \u00e9lections avec les bandes).\u00bb<br \/>Les m\u00eames slogans ont \u00e9t\u00e9 \u00e9galement affich\u00e9s par les centaines d\u2019activistes du Hirak dans les anth\u00e8res principales de la ville de Mohammadia, a-t-on appris d\u2019un confr\u00e8re sur place.<\/p>\n<p><span class=\"post-views-label\">Post Views:<\/span> <span class=\"post-views-count\">0<\/span><\/p>\n<p><br class=\"c5\"\/><\/p>\n<p>Auteur: Mohand Yahiaoui<br \/>\n<a href=\"https:\/\/www.elwatan.com\/edition\/actualite\/mascara-toujours-au-rendez-vous-du-hirak-27-09-2019\">Cliquez ici pour lire l&rsquo;article depuis sa source.<\/a><\/p>\n","protected":false},"excerpt":{"rendered":"<p>Photo : El Watan Les activistes du Hirak \u00e0 Mascara et \u00e0 Mohamamdia (45 km de Mascara) restent d\u00e9termin\u00e9s \u00e0 poursuivre la lutte. En cette 32e \u00e9duction du mouvement populaire, ni la canicule, ni les intimidations des laudateurs opportunistes n\u2019ont affect\u00e9s le moral des fid\u00e8les des principes de la r\u00e9volution pacifique n\u00e9e le 22 f\u00e9vrier. [&hellip;]<\/p>\n","protected":false},"author":1743,"featured_media":62603,"comment_status":"closed","ping_status":"closed","sticky":false,"template":"","format":"standard","meta":{"fifu_image_url":"","fifu_image_alt":"","footnotes":""},"categories":[73,53],"tags":[],"class_list":["post-62602","post","type-post","status-publish","format-standard","has-post-thumbnail","hentry","category-actualite","category-algerie"],"_links":{"self":[{"href":"https:\/\/linitiative.ca\/International\/wp-json\/wp\/v2\/posts\/62602","targetHints":{"allow":["GET"]}}],"collection":[{"href":"https:\/\/linitiative.ca\/International\/wp-json\/wp\/v2\/posts"}],"about":[{"href":"https:\/\/linitiative.ca\/International\/wp-json\/wp\/v2\/types\/post"}],"author":[{"embeddable":true,"href":"https:\/\/linitiative.ca\/International\/wp-json\/wp\/v2\/users\/1743"}],"replies":[{"embeddable":true,"href":"https:\/\/linitiative.ca\/International\/wp-json\/wp\/v2\/comments?post=62602"}],"version-history":[{"count":0,"href":"https:\/\/linitiative.ca\/International\/wp-json\/wp\/v2\/posts\/62602\/revisions"}],"wp:featuredmedia":[{"embeddable":true,"href":"https:\/\/linitiative.ca\/International\/wp-json\/"}],"wp:attachment":[{"href":"https:\/\/linitiative.ca\/International\/wp-json\/wp\/v2\/media?parent=62602"}],"wp:term":[{"taxonomy":"category","embeddable":true,"href":"https:\/\/linitiative.ca\/International\/wp-json\/wp\/v2\/categories?post=62602"},{"taxonomy":"post_tag","embeddable":true,"href":"https:\/\/linitiative.ca\/International\/wp-json\/wp\/v2\/tags?post=62602"}],"curies":[{"name":"wp","href":"https:\/\/api.w.org\/{rel}","templated":true}]}}