{"id":62604,"date":"2019-09-27T13:37:09","date_gmt":"2019-09-27T17:37:09","guid":{"rendered":"https:\/\/linitiative.ca\/International\/32eme-vendredi-de-mobilisation-a-alger-la-nouvelle-demonstration-du-hirak\/"},"modified":"2019-09-27T13:37:09","modified_gmt":"2019-09-27T17:37:09","slug":"32eme-vendredi-de-mobilisation-a-alger-la-nouvelle-demonstration-du-hirak","status":"publish","type":"post","link":"https:\/\/linitiative.ca\/International\/32eme-vendredi-de-mobilisation-a-alger-la-nouvelle-demonstration-du-hirak\/","title":{"rendered":"32\u00e8me vendredi de mobilisation \u00e0 Alger : La nouvelle d\u00e9monstration du hirak"},"content":{"rendered":"<h4 class=\"title-14\"\/>\n<div class=\"featured_image\"><img width=\"960\" height=\"639\" data-cfsrc=\"https:\/\/www.elwatan.com\/wp-content\/uploads\/2019\/09\/Alger-32e-marche-Sami-K..jpg\" class=\"attachment-post-thumbnail size-post-thumbnail wp-post-image c2\" alt=\"\" srcset=\"https:\/\/www.elwatan.com\/wp-content\/uploads\/2019\/09\/Alger-32e-marche-Sami-K..jpg 960w, https:\/\/www.elwatan.com\/wp-content\/uploads\/2019\/09\/Alger-32e-marche-Sami-K.-300x200.jpg 300w, https:\/\/www.elwatan.com\/wp-content\/uploads\/2019\/09\/Alger-32e-marche-Sami-K.-768x511.jpg 768w\" sizes=\"(max-width: 960px) 100vw, 960px\"\/><noscript><\/p>\n<p><img loading=\"lazy\" decoding=\"async\" width=\"960\" height=\"639\" src=\"https:\/\/www.elwatan.com\/wp-content\/uploads\/2019\/09\/Alger-32e-marche-Sami-K..jpg\" class=\"attachment-post-thumbnail size-post-thumbnail wp-post-image\" alt=\"\" srcset=\"https:\/\/www.elwatan.com\/wp-content\/uploads\/2019\/09\/Alger-32e-marche-Sami-K..jpg 960w, https:\/\/www.elwatan.com\/wp-content\/uploads\/2019\/09\/Alger-32e-marche-Sami-K.-300x200.jpg 300w, https:\/\/www.elwatan.com\/wp-content\/uploads\/2019\/09\/Alger-32e-marche-Sami-K.-768x511.jpg 768w\" sizes=\"auto, (max-width: 960px) 100vw, 960px\"\/><\/p>\n<p><\/noscript> <span class=\"featured-image-caption\">Photo : Sami K.<\/span><\/div>\n<p>Les alg\u00e9riens sont sortis nombreux ce vendredi 27 septembre pour battre le pav\u00e9 encore une fois afin de s\u2019opposer \u00e0 la tenue des \u00e9lections pr\u00e9sidentielles fix\u00e9e au 12 d\u00e9cembre prochain. Ce 32\u00e8me vendredi de marches pacifiques a comme \u00e0 l\u2019accoutum\u00e9, drain\u00e9 des centaines de milliers de citoyens \u00e0 travers tous le pays marqu\u00e9 par un contexte tr\u00e8s compliqu\u00e9 cristallis\u00e9 par l\u2019intensification des arrestations des militants et activistes du Hirak.<\/p>\n<p>Dans la capitale, en d\u00e9pit d\u2019un dispositif de s\u00e9curit\u00e9 des plus intimidants de barrages filtrants, une forte mobilisation a \u00e9t\u00e9 enregistr\u00e9e autour du mot d\u2019ordre de refus des \u00e9lections du 12 d\u00e9cembre prochain.<\/p>\n<p>Les quatre points cardinaux du centre ville d\u2019Alger ont vibr\u00e9 sous les slogans hostiles contre la politique du pouvoir en place. Outre le rejet massif des \u00e9lections pr\u00e9sidentielles, ce 32\u00e8me vendredi se voulait un rendez-vous pour revendiquer la lib\u00e9ration sans conditions des d\u00e9tenus d\u2019opinion. A la rue Didouche Mourad, des centaines de citoyens ont manifest\u00e9 leur m\u00e9contentement suite \u00e0 l\u2019appel du comit\u00e9 national pour la lib\u00e9ration des d\u00e9tenus (CNLD).<\/p>\n<p>Le comit\u00e9 a tenu par cette occasion, a condamner toutes les incarc\u00e9rations en particulier celles de Karim Boutata et Kadi Ahcen, deux militants du RAJ qui ont \u00e9t\u00e9 embarqu\u00e9s par la police \u00e0 Alger hier dans l\u2019apr\u00e8s midi dans un caf\u00e9. <em>\u00ab\u00a0Nous condamnons fermement cette d\u00e9cision arbitraire qui n\u2019ob\u00e9it \u00e0 aucune loi\u00a0\u00bb<\/em>, nous d\u00e9clare l\u2019un des organisateurs. <em>\u00ab\u00a0\u00c0 l\u2019heure actuelle, nous ne savons m\u00eame pas o\u00f9 ils sont d\u00e9tenus et quels sont les faits qui leurs sont reproch\u00e9s\u00a0\u00bb<\/em>, mart\u00e8le-il.<\/p>\n<p>La d\u00e9tention de Karim Tabbou \u00e9tait au centre du hirak aussi. Son interpellation une nouvelle fois et sa mise sous mandat de d\u00e9p\u00f4t par le tribunal d\u2019Alger apr\u00e8s 24 heures de sa lib\u00e9ration de la prison de Kol\u00e9a, \u00e9tonne et scandalise plus d\u2019un.<\/p>\n<p>Fethi Gherras, coordinateur du mouvement d\u00e9mocratique et sociale (MDS) n\u2019a pas manqu\u00e9 l\u2019occasion durant ce rendez-vous de condamner cette derni\u00e8re incarc\u00e9ration <em>\u00abL\u2019arrestation de Karim Tabbou r\u00e9v\u00e8le quelque chose, que le pouvoir est en train de subir des d\u00e9faites tactiques faute d\u2019avoir une strat\u00e9gie au niveau d\u2019exigence d\u2019un \u00e9tat d\u00e9mocratique. Les int\u00e9r\u00eats qu\u2019il a servis durant ces vingt derni\u00e8res ann\u00e9es sont en contradiction avec les aspirations des alg\u00e9riens. C\u2019est un pouvoir \u00e0 bout de souffle\u00a0\u00bb<\/em>, nous a-t-il signifi\u00e9.<\/p>\n<p>Cette manifestation intervient apr\u00e8s une semaine marqu\u00e9e par l\u2019annonce de candidatures de plusieurs anciens personnalit\u00e9s politiques aux \u00e9lections pr\u00e9sidentielles du 12 d\u00e9cembre dont les plus contest\u00e9s sont le candidat Ali Benflis ainsi que Abdelmadjid Tebboune, ce dernier fortement pressenti comme le candidat du pouvoir, selon des supputations des observateurs de la soci\u00e9t\u00e9 civile et politique.<\/p>\n<p>Deux candidats \u201cfavoris\u201d qui ne suscitent pas l\u2019adh\u00e9sion des manifestations qui l\u2019ont bien montr\u00e9 d\u2019ailleurs durant ce vendredi. En somme ce rendez-vous n\u2019est qu\u2019une r\u00e9affirmation au rejet total de la feuille de route du pouvoir en place.<\/p>\n<p><span class=\"post-views-label\">Post Views:<\/span> <span class=\"post-views-count\">2\u00a0827<\/span><\/p>\n<p><br class=\"c4\"\/><\/p>\n<p>Auteur: Mohand Yahiaoui<br \/>\n<a href=\"https:\/\/www.elwatan.com\/edition\/actualite\/32eme-vendredi-de-mobilisation-a-alger-la-nouvelle-demonstration-du-hirak-27-09-2019\">Cliquez ici pour lire l&rsquo;article depuis sa source.<\/a><\/p>\n","protected":false},"excerpt":{"rendered":"<p>Photo : Sami K. Les alg\u00e9riens sont sortis nombreux ce vendredi 27 septembre pour battre le pav\u00e9 encore une fois afin de s\u2019opposer \u00e0 la tenue des \u00e9lections pr\u00e9sidentielles fix\u00e9e au 12 d\u00e9cembre prochain. Ce 32\u00e8me vendredi de marches pacifiques a comme \u00e0 l\u2019accoutum\u00e9, drain\u00e9 des centaines de milliers de citoyens \u00e0 travers tous le [&hellip;]<\/p>\n","protected":false},"author":1743,"featured_media":62605,"comment_status":"closed","ping_status":"closed","sticky":false,"template":"","format":"standard","meta":{"fifu_image_url":"","fifu_image_alt":"","footnotes":""},"categories":[73,53],"tags":[],"class_list":["post-62604","post","type-post","status-publish","format-standard","has-post-thumbnail","hentry","category-actualite","category-algerie"],"_links":{"self":[{"href":"https:\/\/linitiative.ca\/International\/wp-json\/wp\/v2\/posts\/62604","targetHints":{"allow":["GET"]}}],"collection":[{"href":"https:\/\/linitiative.ca\/International\/wp-json\/wp\/v2\/posts"}],"about":[{"href":"https:\/\/linitiative.ca\/International\/wp-json\/wp\/v2\/types\/post"}],"author":[{"embeddable":true,"href":"https:\/\/linitiative.ca\/International\/wp-json\/wp\/v2\/users\/1743"}],"replies":[{"embeddable":true,"href":"https:\/\/linitiative.ca\/International\/wp-json\/wp\/v2\/comments?post=62604"}],"version-history":[{"count":0,"href":"https:\/\/linitiative.ca\/International\/wp-json\/wp\/v2\/posts\/62604\/revisions"}],"wp:featuredmedia":[{"embeddable":true,"href":"https:\/\/linitiative.ca\/International\/wp-json\/"}],"wp:attachment":[{"href":"https:\/\/linitiative.ca\/International\/wp-json\/wp\/v2\/media?parent=62604"}],"wp:term":[{"taxonomy":"category","embeddable":true,"href":"https:\/\/linitiative.ca\/International\/wp-json\/wp\/v2\/categories?post=62604"},{"taxonomy":"post_tag","embeddable":true,"href":"https:\/\/linitiative.ca\/International\/wp-json\/wp\/v2\/tags?post=62604"}],"curies":[{"name":"wp","href":"https:\/\/api.w.org\/{rel}","templated":true}]}}