{"id":62614,"date":"2019-09-27T12:50:00","date_gmt":"2019-09-27T16:50:00","guid":{"rendered":"https:\/\/linitiative.ca\/International\/lors-de-sa-rencontre-avec-noureddine-taboubi-kais-saied-se-demarque-de-seifeddine-makhlouf-et-nie-toute-appartenance-a-un-parti\/"},"modified":"2019-09-27T12:50:00","modified_gmt":"2019-09-27T16:50:00","slug":"lors-de-sa-rencontre-avec-noureddine-taboubi-kais-saied-se-demarque-de-seifeddine-makhlouf-et-nie-toute-appartenance-a-un-parti","status":"publish","type":"post","link":"https:\/\/linitiative.ca\/International\/lors-de-sa-rencontre-avec-noureddine-taboubi-kais-saied-se-demarque-de-seifeddine-makhlouf-et-nie-toute-appartenance-a-un-parti\/","title":{"rendered":"Lors de sa rencontre avec Noureddine Taboubi,  Ka\u00efs Sa\u00efed se d\u00e9marque de Seifeddine Makhlouf et nie toute appartenance \u00e0 un parti"},"content":{"rendered":"<p>L\u2019Ugtt tient \u00e0 rester \u00e0 \u00e9gale distance des deux candidats rest\u00e9s en lice aux \u00e9lections pr\u00e9sidentielles. Le secr\u00e9taire g\u00e9n\u00e9ral-adjoint et porte-parole de la centrale ouvri\u00e8re, Sami Tahri\u00a0 l&rsquo;a confirm\u00e9 apr\u00e8s la rencontre entre le secr\u00e9taire g\u00e9n\u00e9ral et le candidat Ka\u00efs Sa\u00efed.<\/p>\n<p>Concernant la teneur de cet entretien, Sami\u00a0 Tahri a indiqu\u00e9 que le candidat a ni\u00e9 toute appartenance \u00e0 un parti et a tenu \u00e0 se d\u00e9marquer de la coalition El Karama cr\u00e9\u00e9e par Seifeddine Makhlouf.<br \/>\u00a0<\/p>\n<p>Auteur:<br \/>\n<a href=\"https:\/\/www.leaders.com.tn\/article\/28071-lors-de-sa-rencontre-avec-noureddine-taboubi-kais-saied-se-demarque-de-seifeddine-makhlouf-et-nie-toute-appartenance-a-un-partie\">Cliquez ici pour lire l&rsquo;article depuis sa source.<\/a><\/p>\n","protected":false},"excerpt":{"rendered":"<p>L\u2019Ugtt tient \u00e0 rester \u00e0 \u00e9gale distance des deux candidats rest\u00e9s en lice aux \u00e9lections pr\u00e9sidentielles. Le secr\u00e9taire g\u00e9n\u00e9ral-adjoint et porte-parole de la centrale ouvri\u00e8re, Sami Tahri\u00a0 l&rsquo;a confirm\u00e9 apr\u00e8s la rencontre entre le secr\u00e9taire g\u00e9n\u00e9ral et le candidat Ka\u00efs Sa\u00efed. Concernant la teneur de cet entretien, Sami\u00a0 Tahri a indiqu\u00e9 que le candidat a [&hellip;]<\/p>\n","protected":false},"author":1772,"featured_media":0,"comment_status":"closed","ping_status":"closed","sticky":false,"template":"","format":"standard","meta":{"fifu_image_url":"","fifu_image_alt":"","footnotes":""},"categories":[73,55],"tags":[],"class_list":["post-62614","post","type-post","status-publish","format-standard","hentry","category-actualite","category-tunisie"],"_links":{"self":[{"href":"https:\/\/linitiative.ca\/International\/wp-json\/wp\/v2\/posts\/62614","targetHints":{"allow":["GET"]}}],"collection":[{"href":"https:\/\/linitiative.ca\/International\/wp-json\/wp\/v2\/posts"}],"about":[{"href":"https:\/\/linitiative.ca\/International\/wp-json\/wp\/v2\/types\/post"}],"author":[{"embeddable":true,"href":"https:\/\/linitiative.ca\/International\/wp-json\/wp\/v2\/users\/1772"}],"replies":[{"embeddable":true,"href":"https:\/\/linitiative.ca\/International\/wp-json\/wp\/v2\/comments?post=62614"}],"version-history":[{"count":0,"href":"https:\/\/linitiative.ca\/International\/wp-json\/wp\/v2\/posts\/62614\/revisions"}],"wp:attachment":[{"href":"https:\/\/linitiative.ca\/International\/wp-json\/wp\/v2\/media?parent=62614"}],"wp:term":[{"taxonomy":"category","embeddable":true,"href":"https:\/\/linitiative.ca\/International\/wp-json\/wp\/v2\/categories?post=62614"},{"taxonomy":"post_tag","embeddable":true,"href":"https:\/\/linitiative.ca\/International\/wp-json\/wp\/v2\/tags?post=62614"}],"curies":[{"name":"wp","href":"https:\/\/api.w.org\/{rel}","templated":true}]}}