{"id":62615,"date":"2019-09-27T13:14:00","date_gmt":"2019-09-27T17:14:00","guid":{"rendered":"https:\/\/linitiative.ca\/International\/entre-chahed-et-zbidi-la-rupture-est-desormais-consommee\/"},"modified":"2019-09-27T13:14:00","modified_gmt":"2019-09-27T17:14:00","slug":"entre-chahed-et-zbidi-la-rupture-est-desormais-consommee","status":"publish","type":"post","link":"https:\/\/linitiative.ca\/International\/entre-chahed-et-zbidi-la-rupture-est-desormais-consommee\/","title":{"rendered":"Entre Chahed et Zbidi, la rupture est d\u00e9sormais consomm\u00e9e"},"content":{"rendered":"<p>La rupture entre le chef de gouvernement et son ministre de la D\u00e9fense semble consomm\u00e9e apr\u00e8s l\u2019absence de\u00a0\u00a0 Abdelkrim\u00a0 Zbidi ce jeudi\u00a0 au conseil des ministres. La tension entre les deux hommes est all\u00e9e crescendo depuis l\u2019annonce de la candidature du Dr Zbidi \u00e0 la pr\u00e9sidentielle, puis les accusations \u00e9chang\u00e9es entre les hommes lors de campagne \u00e9lectorale. Elle montera d&rsquo;un cran apr\u00e8s l\u2019appel du ministre \u00e0 son chef de Gouvernement de d\u00e9missionner et la r\u00e9ponse sarcastique Youssef Chahed qui s&rsquo;est \u00e9tonn\u00e9 de cette d\u00e9marche et a rappel\u00e9 que sa d\u00e9mission impliquait celle de tout le gouvernement y compris celle de Zbidi. \u00a0<br \/>\u00a0<\/p>\n<p>Auteur:<br \/>\n<a href=\"https:\/\/www.leaders.com.tn\/article\/28072-entre-chahed-et-zbidi-la-ruprure-est-desormais-consommee\">Cliquez ici pour lire l&rsquo;article depuis sa source.<\/a><\/p>\n","protected":false},"excerpt":{"rendered":"<p>La rupture entre le chef de gouvernement et son ministre de la D\u00e9fense semble consomm\u00e9e apr\u00e8s l\u2019absence de\u00a0\u00a0 Abdelkrim\u00a0 Zbidi ce jeudi\u00a0 au conseil des ministres. La tension entre les deux hommes est all\u00e9e crescendo depuis l\u2019annonce de la candidature du Dr Zbidi \u00e0 la pr\u00e9sidentielle, puis les accusations \u00e9chang\u00e9es entre les hommes lors de [&hellip;]<\/p>\n","protected":false},"author":1772,"featured_media":0,"comment_status":"closed","ping_status":"closed","sticky":false,"template":"","format":"standard","meta":{"fifu_image_url":"","fifu_image_alt":"","footnotes":""},"categories":[73,55],"tags":[],"class_list":["post-62615","post","type-post","status-publish","format-standard","hentry","category-actualite","category-tunisie"],"_links":{"self":[{"href":"https:\/\/linitiative.ca\/International\/wp-json\/wp\/v2\/posts\/62615","targetHints":{"allow":["GET"]}}],"collection":[{"href":"https:\/\/linitiative.ca\/International\/wp-json\/wp\/v2\/posts"}],"about":[{"href":"https:\/\/linitiative.ca\/International\/wp-json\/wp\/v2\/types\/post"}],"author":[{"embeddable":true,"href":"https:\/\/linitiative.ca\/International\/wp-json\/wp\/v2\/users\/1772"}],"replies":[{"embeddable":true,"href":"https:\/\/linitiative.ca\/International\/wp-json\/wp\/v2\/comments?post=62615"}],"version-history":[{"count":0,"href":"https:\/\/linitiative.ca\/International\/wp-json\/wp\/v2\/posts\/62615\/revisions"}],"wp:attachment":[{"href":"https:\/\/linitiative.ca\/International\/wp-json\/wp\/v2\/media?parent=62615"}],"wp:term":[{"taxonomy":"category","embeddable":true,"href":"https:\/\/linitiative.ca\/International\/wp-json\/wp\/v2\/categories?post=62615"},{"taxonomy":"post_tag","embeddable":true,"href":"https:\/\/linitiative.ca\/International\/wp-json\/wp\/v2\/tags?post=62615"}],"curies":[{"name":"wp","href":"https:\/\/api.w.org\/{rel}","templated":true}]}}