{"id":62617,"date":"2019-09-27T07:34:51","date_gmt":"2019-09-27T11:34:51","guid":{"rendered":"https:\/\/linitiative.ca\/International\/maroc-la-rage-tue-encore-des-dizaines-de-personnes-par-an\/"},"modified":"2019-09-27T07:34:51","modified_gmt":"2019-09-27T11:34:51","slug":"maroc-la-rage-tue-encore-des-dizaines-de-personnes-par-an","status":"publish","type":"post","link":"https:\/\/linitiative.ca\/International\/maroc-la-rage-tue-encore-des-dizaines-de-personnes-par-an\/","title":{"rendered":"Maroc: La rage tue encore des dizaines de personnes par an"},"content":{"rendered":"<p><strong>La rage est l\u2019une des zoonoses les plus meurtri\u00e8res. Le nombre annuel de d\u00e9c\u00e8s dus \u00e0 la rage a baiss\u00e9 de 34 cas enregistr\u00e9s en 1985 \u00e0 18 cas en 2018, selon les chiffres du minist\u00e8re de la Sant\u00e9 publi\u00e9s \u00e0 l\u2019occasion de la Journ\u00e9e mondiale d\u00e9di\u00e9e \u00e0 cette maladie.<\/strong><\/p>\n<div class=\"c10\"\/>\n<p>Pr\u00e8s de 65.000 personnes b\u00e9n\u00e9ficient, chaque ann\u00e9e, d\u2019une prophylaxie suite \u00e0 une exposition \u00e0 un animal suspect de rage, gr\u00e2ce au Programme national de lutte contre la rage, pr\u00e9cise le minist\u00e8re dans un communiqu\u00e9.<\/p>\n<p>Selon les donn\u00e9es internationales, la rage tue environ 60.000 personnes chaque ann\u00e9e \u00e0 travers le monde, soit environ un d\u00e9c\u00e8s toutes les dix minutes. La rage est une enc\u00e9phalite due au virus rabique, transmis \u00e0 l\u2019homme essentiellement par morsure ou griffure d\u2019animaux, en particulier le chien (95%), alors qu\u2019il existe des vaccins s\u00fbrs et efficaces pour pr\u00e9venir la maladie.<\/p>\n<p>A titre de pr\u00e9vention, le minist\u00e8re de la Sant\u00e9 recommande\u00a0:<\/p>\n<p>\u00a0-La vaccination des animaux domestiques (chiens et chats) contre cette maladie, tout en \u00e9vitant tout contact avec des animaux inconnus, en particulier des chiens et des chats.<\/p>\n<p>-Interdire les enfants de ne pas jouer avec des animaux inconnus, m\u00eame s\u2019ils paraissent doux, et les encourager \u00e0 signaler tout contact, morsure ou griffure par un animal inconnu ou suspect de rage.<\/p>\n<p>En cas d\u2019exposition \u00e0 un animal suspect de rage, il est n\u00e9cessaire de\u00a0:<\/p>\n<p>-Laver soigneusement la l\u00e9sion avec du savon et de l\u2019eau<\/p>\n<p>-Se rendre au centre antirabique le plus proche pour b\u00e9n\u00e9ficier des soins locaux appropri\u00e9s et de la vaccination. Un s\u00e9rum antirabique pourrait \u00eatre administr\u00e9 si n\u00e9cessaire.<\/p>\n<p>La communaut\u00e9 internationale comm\u00e9more le 28 septembre de chaque ann\u00e9e la Journ\u00e9e mondiale de la rage, c\u00e9l\u00e9br\u00e9e cette ann\u00e9e sous le signe \u00ab\u00a0Rage: vacciner pour l\u2019\u00e9liminer\u00a0\u00bb. Il s\u2019agit d\u2019une occasion idoine pour mettre en \u00e9vidence les effets n\u00e9fastes de la maladie sur l\u2019Homme et sur l\u2019animal, ainsi que les moyens de la pr\u00e9venir et r\u00e9duire sa propagation.<\/p>\n<p>Cette ann\u00e9e, le th\u00e8me retenu pour c\u00e9l\u00e9brer la Journ\u00e9e mondiale met l\u2019accent sur l\u2019int\u00e9r\u00eat de la vaccination annuelle des chiens \u00e0 propri\u00e9taire comme pierre angulaire de tous les efforts de lutte antirabique.<\/p>\n<div class=\"c17\">\n<fieldset class=\"c16\">\n<legend><strong><span class=\"c11\">Challenge<\/span><span class=\"c12\">news<\/span><\/strong><\/legend>\n<div class=\"c15\">Le meilleur de la r\u00e9daction s\u00e9lectionn\u00e9 par Challenge :<\/p>\n<\/div>\n<\/fieldset>\n<\/div>\n<p>Auteur: Hajar DARI<br \/>\n<a href=\"https:\/\/www.challenge.ma\/maroc-la-rage-tue-encore-des-dizaines-de-personnes-par-an-118524\/\">Cliquez ici pour lire l&rsquo;article depuis sa source.<\/a><\/p>\n","protected":false},"excerpt":{"rendered":"<p>La rage est l\u2019une des zoonoses les plus meurtri\u00e8res. Le nombre annuel de d\u00e9c\u00e8s dus \u00e0 la rage a baiss\u00e9 de 34 cas enregistr\u00e9s en 1985 \u00e0 18 cas en 2018, selon les chiffres du minist\u00e8re de la Sant\u00e9 publi\u00e9s \u00e0 l\u2019occasion de la Journ\u00e9e mondiale d\u00e9di\u00e9e \u00e0 cette maladie. Pr\u00e8s de 65.000 personnes b\u00e9n\u00e9ficient, [&hellip;]<\/p>\n","protected":false},"author":1787,"featured_media":0,"comment_status":"closed","ping_status":"closed","sticky":false,"template":"","format":"standard","meta":{"fifu_image_url":"","fifu_image_alt":"","footnotes":""},"categories":[78,54],"tags":[],"class_list":["post-62617","post","type-post","status-publish","format-standard","hentry","category-economie","category-maroc"],"_links":{"self":[{"href":"https:\/\/linitiative.ca\/International\/wp-json\/wp\/v2\/posts\/62617","targetHints":{"allow":["GET"]}}],"collection":[{"href":"https:\/\/linitiative.ca\/International\/wp-json\/wp\/v2\/posts"}],"about":[{"href":"https:\/\/linitiative.ca\/International\/wp-json\/wp\/v2\/types\/post"}],"author":[{"embeddable":true,"href":"https:\/\/linitiative.ca\/International\/wp-json\/wp\/v2\/users\/1787"}],"replies":[{"embeddable":true,"href":"https:\/\/linitiative.ca\/International\/wp-json\/wp\/v2\/comments?post=62617"}],"version-history":[{"count":0,"href":"https:\/\/linitiative.ca\/International\/wp-json\/wp\/v2\/posts\/62617\/revisions"}],"wp:attachment":[{"href":"https:\/\/linitiative.ca\/International\/wp-json\/wp\/v2\/media?parent=62617"}],"wp:term":[{"taxonomy":"category","embeddable":true,"href":"https:\/\/linitiative.ca\/International\/wp-json\/wp\/v2\/categories?post=62617"},{"taxonomy":"post_tag","embeddable":true,"href":"https:\/\/linitiative.ca\/International\/wp-json\/wp\/v2\/tags?post=62617"}],"curies":[{"name":"wp","href":"https:\/\/api.w.org\/{rel}","templated":true}]}}