{"id":62618,"date":"2019-09-27T10:41:02","date_gmt":"2019-09-27T14:41:02","guid":{"rendered":"https:\/\/linitiative.ca\/International\/le-groupe-cdg-lance-son-academie\/"},"modified":"2019-09-27T10:41:02","modified_gmt":"2019-09-27T14:41:02","slug":"le-groupe-cdg-lance-son-academie","status":"publish","type":"post","link":"https:\/\/linitiative.ca\/International\/le-groupe-cdg-lance-son-academie\/","title":{"rendered":"Le Groupe CDG lance son Acad\u00e9mie"},"content":{"rendered":"<p><strong>La Caisse de D\u00e9p\u00f4t et de Gestion annonce le lancement officiel de l\u2019Acad\u00e9mie Groupe CDG lors d\u2019une c\u00e9r\u00e9monie organis\u00e9e jeudi 26 septembre \u00e0 Rabat.<\/strong><\/p>\n<div class=\"c10\"\/>\n<p>Cette structure a pour but d\u2019accompagner la transformation interne du Groupe au profit de l\u2019ensemble de ses collaborateurs. Sa mission principale s\u2019articule autour de trois axes principaux : Ancrage de la culture et des valeurs du Groupe et de la vision \u00ab One CDG \u00bb, dynamisation des efforts de d\u00e9veloppement des comp\u00e9tences du Groupe ainsi que la transformation du Groupe CDG en organisation apprenante avec une d\u00e9marche de Knowledge management structur\u00e9e.<\/p>\n<p><img decoding=\"async\" src=\"https:\/\/www.challenge.ma\/wp-content\/uploads\/2019\/09\/image00003-1024x681.jpeg\" alt=\"\" class=\"wp-image-118559\" srcset=\"https:\/\/www.challenge.ma\/wp-content\/uploads\/2019\/09\/image00003-1024x681.jpeg 1024w, https:\/\/www.challenge.ma\/wp-content\/uploads\/2019\/09\/image00003-300x200.jpeg 300w, https:\/\/www.challenge.ma\/wp-content\/uploads\/2019\/09\/image00003-768x511.jpeg 768w, https:\/\/www.challenge.ma\/wp-content\/uploads\/2019\/09\/image00003-360x240.jpeg 360w, https:\/\/www.challenge.ma\/wp-content\/uploads\/2019\/09\/image00003-750x499.jpeg 750w, https:\/\/www.challenge.ma\/wp-content\/uploads\/2019\/09\/image00003.jpeg 1064w\" sizes=\"(max-width: 1024px) 100vw, 1024px\"\/><\/p>\n<p>En marge de cet \u00e9v\u00e9nement, 3 conventions de partenariat\u00a0ont \u00e9t\u00e9 sign\u00e9es avec Centrale Supelec, l\u2019EM Lyon et l\u2019UIR, partenaires formation de la nouvelle Acad\u00e9mie. D\u2019autres partenariats avec des organismes nationaux et internationaux de renom sont en cours, indique la CDG.<\/p>\n<p><img decoding=\"async\" src=\"https:\/\/www.challenge.ma\/wp-content\/uploads\/2019\/09\/image00005-1024x681.jpeg\" alt=\"\" class=\"wp-image-118558\" srcset=\"https:\/\/www.challenge.ma\/wp-content\/uploads\/2019\/09\/image00005-1024x681.jpeg 1024w, https:\/\/www.challenge.ma\/wp-content\/uploads\/2019\/09\/image00005-300x200.jpeg 300w, https:\/\/www.challenge.ma\/wp-content\/uploads\/2019\/09\/image00005-768x511.jpeg 768w, https:\/\/www.challenge.ma\/wp-content\/uploads\/2019\/09\/image00005-360x240.jpeg 360w, https:\/\/www.challenge.ma\/wp-content\/uploads\/2019\/09\/image00005-750x499.jpeg 750w, https:\/\/www.challenge.ma\/wp-content\/uploads\/2019\/09\/image00005.jpeg 1064w\" sizes=\"(max-width: 1024px) 100vw, 1024px\"\/><\/p>\n<p>Les 10 premiers programmes de lancement couvrent des domaines aussi divers que le leadership, la transformation digitale, l\u2019innovation, le d\u00e9veloppement durable et l\u2019expertise technique pour ses fili\u00e8res transverses. Ces programmes vont toucher plus de 1.500 collaborateurs du Groupe.<\/p>\n<p>Pour rappel, la Caisse a entrepris de nombreux partenariats avec diff\u00e9rentes\u00a0\u00e9coles et universit\u00e9s marocaines, cabinets de formation, grandes \u00e9coles internationales pour des programmes adapt\u00e9s \u00e0 tous les profils. Objectif : s\u2019ouvrir sur les composantes de r\u00e9f\u00e9rence dans les m\u00e9tiers de la formation au Maroc.<\/p>\n<div class=\"c17\">\n<fieldset class=\"c16\">\n<legend><strong><span class=\"c11\">Challenge<\/span><span class=\"c12\">news<\/span><\/strong><\/legend>\n<div class=\"c15\">Le meilleur de la r\u00e9daction s\u00e9lectionn\u00e9 par Challenge :<\/p>\n<\/div>\n<\/fieldset>\n<\/div>\n<p>Auteur: Hajar DARI<br \/>\n<a href=\"https:\/\/www.challenge.ma\/le-groupe-cdg-lance-son-academie-118555\/\">Cliquez ici pour lire l&rsquo;article depuis sa source.<\/a><\/p>\n","protected":false},"excerpt":{"rendered":"<p>La Caisse de D\u00e9p\u00f4t et de Gestion annonce le lancement officiel de l\u2019Acad\u00e9mie Groupe CDG lors d\u2019une c\u00e9r\u00e9monie organis\u00e9e jeudi 26 septembre \u00e0 Rabat. Cette structure a pour but d\u2019accompagner la transformation interne du Groupe au profit de l\u2019ensemble de ses collaborateurs. Sa mission principale s\u2019articule autour de trois axes principaux : Ancrage de la [&hellip;]<\/p>\n","protected":false},"author":1787,"featured_media":62619,"comment_status":"closed","ping_status":"closed","sticky":false,"template":"","format":"standard","meta":{"fifu_image_url":"","fifu_image_alt":"","footnotes":""},"categories":[78,54],"tags":[],"class_list":["post-62618","post","type-post","status-publish","format-standard","has-post-thumbnail","hentry","category-economie","category-maroc"],"_links":{"self":[{"href":"https:\/\/linitiative.ca\/International\/wp-json\/wp\/v2\/posts\/62618","targetHints":{"allow":["GET"]}}],"collection":[{"href":"https:\/\/linitiative.ca\/International\/wp-json\/wp\/v2\/posts"}],"about":[{"href":"https:\/\/linitiative.ca\/International\/wp-json\/wp\/v2\/types\/post"}],"author":[{"embeddable":true,"href":"https:\/\/linitiative.ca\/International\/wp-json\/wp\/v2\/users\/1787"}],"replies":[{"embeddable":true,"href":"https:\/\/linitiative.ca\/International\/wp-json\/wp\/v2\/comments?post=62618"}],"version-history":[{"count":0,"href":"https:\/\/linitiative.ca\/International\/wp-json\/wp\/v2\/posts\/62618\/revisions"}],"wp:featuredmedia":[{"embeddable":true,"href":"https:\/\/linitiative.ca\/International\/wp-json\/"}],"wp:attachment":[{"href":"https:\/\/linitiative.ca\/International\/wp-json\/wp\/v2\/media?parent=62618"}],"wp:term":[{"taxonomy":"category","embeddable":true,"href":"https:\/\/linitiative.ca\/International\/wp-json\/wp\/v2\/categories?post=62618"},{"taxonomy":"post_tag","embeddable":true,"href":"https:\/\/linitiative.ca\/International\/wp-json\/wp\/v2\/tags?post=62618"}],"curies":[{"name":"wp","href":"https:\/\/api.w.org\/{rel}","templated":true}]}}