{"id":62962,"date":"2019-10-01T14:07:37","date_gmt":"2019-10-01T18:07:37","guid":{"rendered":"https:\/\/linitiative.ca\/International\/securite-nucleaire-les-regulateurs-en-conclave\/"},"modified":"2019-10-01T14:07:37","modified_gmt":"2019-10-01T18:07:37","slug":"securite-nucleaire-les-regulateurs-en-conclave","status":"publish","type":"post","link":"https:\/\/linitiative.ca\/International\/securite-nucleaire-les-regulateurs-en-conclave\/","title":{"rendered":"S\u00e9curit\u00e9 nucl\u00e9aire: Les R\u00e9gulateurs en conclave"},"content":{"rendered":"<div readability=\"37\">\n<p>Marrakech- Les travaux de la 3\u00e8me Conf\u00e9rence Internationale des R\u00e9gulateurs sur la S\u00e9curit\u00e9 Nucl\u00e9aire se sont ouverts, mardi \u00e0 Marrakech, avec la participation de plus de 350 experts et responsables repr\u00e9sentant une centaine de pays, dont 35 Etats Africains.<\/p>\n<\/div>\n<div readability=\"167\">\n<p>Plac\u00e9e sous le Haut Patronage de SM le Roi Mohammed VI, cette Conf\u00e9rence internationale, organis\u00e9e par l\u2019Agence Marocaine de S\u00fbret\u00e9 et de S\u00e9curit\u00e9 Nucl\u00e9aires et Radiologiques (AMSSNuR) en collaboration avec l\u2019Agence Internationale de l\u2019Energie Atomique (AIEA), permettra notamment au Maroc d\u2019assurer le lien entre les diff\u00e9rents pays pr\u00e9sents \u00e0 travers la promotion de la coop\u00e9ration internationale, et de se positionner parmi les chefs de file mondiaux dans le domaine de la s\u00e9curit\u00e9 nucl\u00e9aire.<\/p>\n<p>Cette 3\u00e8me Conf\u00e9rence, qui rassemble des responsables de r\u00e9glementation, des professionnels de la s\u00e9curit\u00e9 nucl\u00e9aire, des d\u00e9cideurs, des responsables des Organisations de Support Technique (TSOs), des organisations r\u00e9gionales et internationales, ainsi que des acteurs dans le domaine de la s\u00e9curit\u00e9 nucl\u00e9aire, traitera de plusieurs th\u00e9matiques et sujets relatifs \u00e0 ce domaine, l\u2019objectif principal \u00e9tant de partager les exp\u00e9riences et les meilleures pratiques parmi les R\u00e9gulateurs, les TSOs et les acteurs r\u00e9gionaux et interr\u00e9gionaux pertinents pour renforcer les activit\u00e9s de s\u00e9curit\u00e9 nucl\u00e9aire aux niveaux national, r\u00e9gional et international.<\/p>\n<p>Lors de cet \u00e9v\u00e9nement, qui se poursuivra jusqu\u2019au 4 octobre, les participants vont ainsi traiter des nouveaux d\u00e9fis auxquels font face les Etats et organisations internationales pour endiguer les menaces d\u2019actes malveillants susceptibles de mettre en danger la s\u00e9curit\u00e9 des mati\u00e8res nucl\u00e9aires ou d\u2019autres sources radioactives qui pourraient avoir des effets n\u00e9fastes sur l\u2019Homme, la soci\u00e9t\u00e9 et l\u2019environnement.<\/p>\n<p>Cet \u00e9v\u00e9nement vise, entre autres, \u00e0 am\u00e9liorer le niveau de s\u00fbret\u00e9 et de s\u00e9curit\u00e9 nucl\u00e9aire du Maroc afin de prot\u00e9ger l\u2019Homme et l\u2019Environnement de tout acte malveillant mettant en oeuvre des mati\u00e8res nucl\u00e9aires ou autres mati\u00e8res radioactives, \u00e0 travers le renforcement du positionnement du Royaume comme catalyseur d\u2019opportunit\u00e9s et de coop\u00e9ration pour tout le continent africain, la cr\u00e9ation d\u2019un forum d\u2019\u00e9change entre experts afin de tirer profit de leur expertise, ainsi que l\u2019\u00e9largissement des r\u00e9seaux de collaboration des experts marocains.<\/p>\n<p>La Conf\u00e9rence vise, en outre, \u00e0 renforcer davantage la coop\u00e9ration internationale et \u00e0 am\u00e9liorer le d\u00e9veloppement des capacit\u00e9s en mati\u00e8re de s\u00e9curit\u00e9 nucl\u00e9aire dans le monde, en g\u00e9n\u00e9ral, et en Afrique en particulier.<\/p>\n<p>Elle est organis\u00e9e pour la premi\u00e8re fois en Afrique et dans le monde Arabe, apr\u00e8s une premi\u00e8re \u00e9dition aux Etats-Unis en 2012, qui avait pour objectif l\u2019\u00e9tablissement d\u2019un cadre de coop\u00e9ration internationale sp\u00e9cifique au domaine de la s\u00e9curit\u00e9 nucl\u00e9aire, et une 2\u00e8me tenue en Espagne en 2016.<\/p>\n<p>L\u2019agenda de cette 3\u00e8me \u00e9dition pr\u00e9voit, dans la perspective de donner un nouvel \u00e9lan \u00e0 la coop\u00e9ration entre les pays participants, de traiter, \u00e0 travers des sessions, d\u2019expos\u00e9s et d\u00e9bats, des exp\u00e9riences et le\u00e7ons apprises (tir\u00e9es ou accumul\u00e9es) de diff\u00e9rents organismes r\u00e9glementaires et de contr\u00f4le en mati\u00e8re de gestion des risques et des menaces nucl\u00e9aires et radiologiques, des dispositifs organisationnels et de formation \u00e0 mettre en place, de la s\u00e9curit\u00e9 des sources radioactives, de l\u2019\u00e9valuation de la menace nucl\u00e9aire et radiologique, et de la promotion du r\u00e9seautage national et international, ainsi que des questions relatives aux strat\u00e9gies de communication \u00e0 d\u00e9velopper avec l\u2019opinion publique, et des actions de coop\u00e9ration entre les pays participants.<\/p>\n<p>Dans ce cadre, plusieurs th\u00e8mes seront trait\u00e9s: \u00ab\u00a0Cadre r\u00e9glementaire de s\u00e9curit\u00e9 nucl\u00e9aire ind\u00e9pendant, fort et durable\u00a0\u00bb, \u00ab\u00a0Mise en oeuvre de la Convention sur la Protection physique des mati\u00e8re nucl\u00e9aires (CPPNM) et son amendement\u00a0\u00bb, \u00ab\u00a0S\u00e9curit\u00e9 des mati\u00e8res radioactives\u00a0\u00bb, \u00ab\u00a0Evaluation des menaces\u00a0\u00bb, \u00ab\u00a0Pour une \u00e9valuation de l\u2019efficacit\u00e9 de la s\u00e9curit\u00e9 nucl\u00e9aire\u00a0\u00bb, \u00ab\u00a0Interventions en cas d\u2019\u00e9v\u00e9nement de s\u00e9curit\u00e9 nucl\u00e9aire\u00a0\u00bb, \u00ab\u00a0La s\u00e9curit\u00e9 de l\u2019information\u00a0\u00bb, \u00ab\u00a0Gestion des Interfaces\u00a0\u00bb et \u00ab\u00a0Communication et information du public\u00a0\u00bb.<\/p>\n<p>Au menu de cette manifestation, figurent aussi des \u00e9v\u00e9nements parall\u00e8les se rapportant notamment au renforcement de la s\u00e9curit\u00e9 nucl\u00e9aire \u00e0 travers le r\u00e9seautage r\u00e9gional, et \u00e0 l\u2019exp\u00e9rience du Maroc en mati\u00e8re de r\u00e9ponse \u00e0 une urgence radiologique d\u00e9clench\u00e9e par un \u00e9v\u00e9nement de s\u00e9curit\u00e9 nucl\u00e9aire.<\/p>\n<p>Sur le plan national, cette manifestation d\u2019envergure internationale co\u00efncide avec l\u2019important chantier engag\u00e9 par le Royaume pour la mise \u00e0 niveau de son cadre l\u00e9gislatif et r\u00e9glementaire de s\u00fbret\u00e9 et s\u00e9curit\u00e9 nucl\u00e9aires et radiologiques, marqu\u00e9 notamment par la promulgation, en 2014, de la loi n\u00b0142-12 relative \u00e0 la s\u00fbret\u00e9 et \u00e0 la s\u00e9curit\u00e9 nucl\u00e9aires et radiologiques, ainsi qu\u2019\u00e0 la cr\u00e9ation d\u2019AMSSNuR en tant qu\u2019organisme r\u00e9glementaire charg\u00e9 d\u2019assurer le contr\u00f4le des activit\u00e9s mettant en jeu des mati\u00e8res nucl\u00e9aires ou radioactives.<\/p>\n<p>L\u2019AMSSNuR appuie, particuli\u00e8rement en mati\u00e8re de s\u00e9curit\u00e9 nucl\u00e9aire et radiologique, les Administrations et D\u00e9partements nationaux charg\u00e9s des questions de s\u00e9curit\u00e9 publique, par la mise en place d\u2019une r\u00e9glementation sp\u00e9cifique et de syst\u00e8mes de gestion des situations d\u2019urgence ou de s\u00e9curit\u00e9 nucl\u00e9aire et radiologique et ce, conform\u00e9ment aux Conventions internationales auxquelles le Maroc a souscrit.<\/p>\n<p>Elle est reconnue \u00e0 l\u2019\u00e9chelle r\u00e9gionale et internationale, ce qui est confirm\u00e9 par, d\u2019une part, son \u00e9lection en septembre de cette ann\u00e9e \u00e0 la pr\u00e9sidence du Forum des Autorit\u00e9s r\u00e9glementaires nucl\u00e9aires en Afrique, et, d\u2019autre part, son \u00e9lection en mai 2019 \u00e0 la t\u00eate du R\u00e9seau international d\u2019\u00e9ducation et de formation pour la pr\u00e9paration et l\u2019intervention en situation d\u2019urgence nucl\u00e9aire ou radiologique.<\/p>\n<p>Tout en se f\u00e9licitant de la forte participation des organismes r\u00e9glementaires africains, l\u2019Agence souligne que la Conf\u00e9rence de\u00a0Marrakech\u00a0contribuera au renforcement de la Coop\u00e9ration Sud-Sud pr\u00f4n\u00e9e par SM le Roi Mohammed VI.<\/p>\n<p>L\u2019AMSSNuR est un \u00e9tablissement public \u00e0 caract\u00e8re strat\u00e9gique charg\u00e9 de la r\u00e9glementation et du contr\u00f4le des activit\u00e9s mettant en jeu des sources de rayonnements ionisants et qui a pour mission de veiller au respect de la conformit\u00e9 de la s\u00fbret\u00e9 et de la s\u00e9curit\u00e9 nucl\u00e9aires et radiologiques, des activit\u00e9s et des installations mettant en jeu des sources de rayonnements ionisants, et des dispositions de la loi 142-12 et la r\u00e9glementation y aff\u00e9rente.<\/p>\n<\/div>\n<p>Auteur: Mohammed KOURSI<br \/>\n<a href=\"http:\/\/www.mapmarrakech.ma\/fr\/securite-nucleaire-les-regulateurs-en-conclave\/\">Cliquez ici pour lire l&rsquo;article depuis sa source.<\/a><\/p>\n","protected":false},"excerpt":{"rendered":"<p>Marrakech- Les travaux de la 3\u00e8me Conf\u00e9rence Internationale des R\u00e9gulateurs sur la S\u00e9curit\u00e9 Nucl\u00e9aire se sont ouverts, mardi \u00e0 Marrakech, avec la participation de plus de 350 experts et responsables repr\u00e9sentant une centaine de pays, dont 35 Etats Africains. Plac\u00e9e sous le Haut Patronage de SM le Roi Mohammed VI, cette Conf\u00e9rence internationale, organis\u00e9e par [&hellip;]<\/p>\n","protected":false},"author":1788,"featured_media":0,"comment_status":"closed","ping_status":"closed","sticky":false,"template":"","format":"standard","meta":{"fifu_image_url":"","fifu_image_alt":"","footnotes":""},"categories":[54,76],"tags":[],"class_list":["post-62962","post","type-post","status-publish","format-standard","hentry","category-maroc","category-regions"],"_links":{"self":[{"href":"https:\/\/linitiative.ca\/International\/wp-json\/wp\/v2\/posts\/62962","targetHints":{"allow":["GET"]}}],"collection":[{"href":"https:\/\/linitiative.ca\/International\/wp-json\/wp\/v2\/posts"}],"about":[{"href":"https:\/\/linitiative.ca\/International\/wp-json\/wp\/v2\/types\/post"}],"author":[{"embeddable":true,"href":"https:\/\/linitiative.ca\/International\/wp-json\/wp\/v2\/users\/1788"}],"replies":[{"embeddable":true,"href":"https:\/\/linitiative.ca\/International\/wp-json\/wp\/v2\/comments?post=62962"}],"version-history":[{"count":0,"href":"https:\/\/linitiative.ca\/International\/wp-json\/wp\/v2\/posts\/62962\/revisions"}],"wp:attachment":[{"href":"https:\/\/linitiative.ca\/International\/wp-json\/wp\/v2\/media?parent=62962"}],"wp:term":[{"taxonomy":"category","embeddable":true,"href":"https:\/\/linitiative.ca\/International\/wp-json\/wp\/v2\/categories?post=62962"},{"taxonomy":"post_tag","embeddable":true,"href":"https:\/\/linitiative.ca\/International\/wp-json\/wp\/v2\/tags?post=62962"}],"curies":[{"name":"wp","href":"https:\/\/api.w.org\/{rel}","templated":true}]}}