{"id":62967,"date":"2019-10-01T13:33:36","date_gmt":"2019-10-01T17:33:36","guid":{"rendered":"https:\/\/linitiative.ca\/International\/tizi-ouzou-le-patrimoine-immateriel-celebre-a-travers-linstitution-de-tajmaat\/"},"modified":"2019-10-01T13:33:36","modified_gmt":"2019-10-01T17:33:36","slug":"tizi-ouzou-le-patrimoine-immateriel-celebre-a-travers-linstitution-de-tajmaat","status":"publish","type":"post","link":"https:\/\/linitiative.ca\/International\/tizi-ouzou-le-patrimoine-immateriel-celebre-a-travers-linstitution-de-tajmaat\/","title":{"rendered":"Tizi-Ouzou: le patrimoine immat\u00e9riel c\u00e9l\u00e9br\u00e9 \u00e0 travers l&rsquo;institution de Tajma\u00e2t"},"content":{"rendered":"<div>\n<div class=\"K2FeedImage\"><img decoding=\"async\" src=\"http:\/\/www.aps.dz\/media\/k2\/items\/cache\/4fd55c79b0ffb52d68886e47aea0b3ef_S.jpg\" alt=\"Tizi-Ouzou: le patrimoine immat\u00e9riel c\u00e9l\u00e9br\u00e9 \u00e0 travers l'institution de Tajma\u00e2t\"><\/div>\n<div class=\"K2FeedIntroText\">\n<p><strong>TIZI-OUZOU &#8211; La 4\u00e8me \u00e9dition du Salon du patrimoine culturel immat\u00e9riel, plac\u00e9e cette ann\u00e9e sous le th\u00e8me \u00ab\u00a0Tajma\u00e2t, symbole des valeurs et des liens sociaux au sein des populations villageoises\u00a0\u00bb, se tiendra du 06 au 08 octobre courant \u00e0 Tizi-Ouzou, a indiqu\u00e9 mardi un communiqu\u00e9 de la direction locale de la culture.<\/strong><\/p>\n<\/div>\n<div class=\"K2FeedFullText\">\n<p>Le patrimoine culturel immat\u00e9riel \u00ab\u00a0ne se manifeste pas uniquement dans les monuments et les collections d\u2019objets, il comprend \u00e9galement les traditions ou les expressions vivantes h\u00e9rit\u00e9es de nos anc\u00eatres et transmises \u00e0 nos descendants, comme les traditions orales, les arts du spectacle, rituels et \u00e9v\u00e8nements festifs\u00a0\u00bb, est-il not\u00e9 dans le m\u00eame document.<\/p>\n<p>Cette \u00e9dition sera, aussi, l\u2019occasion de rendre un hommage a deux grandes figures qui ont contribu\u00e9 dans la transmission du patrimoine aux g\u00e9n\u00e9rations futures en l&rsquo;occurrence Khadija Chikhi, ic\u00f4ne de la chaine II et Chami Mohamed, archiviste, conservateur du patrimoine audio-visuel alg\u00e9rien.<\/p>\n<p>Au programme de cette manifestation, qu\u2019accueillera la maison de la Culture mouloud Mammeri, des expositions de livres autour du patrimoine culture immat\u00e9riel avec la participation des mus\u00e9es nationaux d\u2019Arts et Traditions Populaires d\u2019Alger et de M\u00e9d\u00e9a ainsi que des maquettes de l\u2019architecture traditionnelle et des tableaux de peinture reproduisant les aspects de l\u2019organisation sociale traditionnelle.<\/p>\n<hr>\n<p><em><strong>Lire aussi:\u00a0<a href=\"http:\/\/www.aps.dz\/culture\/94978-tizi-ouzou-la-femme-durant-la-guerre-de-liberation-dans-l-ecriture-feminine-en-debat\"><span class=\"highlight\">Tizi<\/span>-Ouzou : la femme durant la guerre de lib\u00e9ration dans l\u2019\u00e9criture f\u00e9minine en d\u00e9bat<\/a><\/strong><\/em><\/p>\n<hr>\n<p>Plusieurs conf\u00e9rences seront, \u00e9galement, anim\u00e9es notamment, par Boukhlef Farid, historien chercheur au Centre de recherche en langue et culture amazighe de Beja\u00efa qui traitera de \u00a0\u00bb Tadjma\u00e2t en Kabylie, histoire d\u2019une organisation\u00a0\u00bb et Takharoubt Slimane, anthropologue, chercheur, au m\u00eame centre qui abordera l\u2019\u00a0\u00bbImpact socio-culturel de Tadjma\u00e2t sur la soci\u00e9t\u00e9 kabyle.\u00a0\u00bb<\/p>\n<p>Il est \u00e9galement pr\u00e9vu l\u2019engagement d\u2019une r\u00e9flexion qui r\u00e9unira des experts, auteurs, artisans et\u00a0 artistes ainsi que le mouvement associatif pour \u00ab\u00a0la sauvegarde et la valorisation de cet h\u00e9ritage qui caract\u00e9rise la r\u00e9gion, \u00e0 travers l\u2019identification, la recherche, la documentation, la protection et la revitalisation des diff\u00e9rents aspects de ce patrimoine\u00a0\u00bb, a-t-on indiqu\u00e9 de m\u00eame source.<\/p>\n<p>Des ateliers de contes pour enfants seront \u00e9galement programm\u00e9s dans le cadre de cette manifestation qui sera cl\u00f4tur\u00e9e par une visite au village Hora (commune de Bouzgu\u00e8ne, 70 Km \u00e0 l\u2019Est de Tizi-Ouzou) en compagnie des associations culturelles pour assister au d\u00e9roulement de tajma\u00e2t.<\/p>\n<\/div>\n<\/div>\n<p>Auteur:<br \/>\n<a href=\"http:\/\/www.aps.dz\/regions\/95071-tizi-ouzou-le-patrimoine-immateriel-celebre-a-travers-l-institution-de-tajmaat\">Cliquez ici pour lire l&rsquo;article depuis sa source.<\/a><\/p>\n","protected":false},"excerpt":{"rendered":"<p>TIZI-OUZOU &#8211; La 4\u00e8me \u00e9dition du Salon du patrimoine culturel immat\u00e9riel, plac\u00e9e cette ann\u00e9e sous le th\u00e8me \u00ab\u00a0Tajma\u00e2t, symbole des valeurs et des liens sociaux au sein des populations villageoises\u00a0\u00bb, se tiendra du 06 au 08 octobre courant \u00e0 Tizi-Ouzou, a indiqu\u00e9 mardi un communiqu\u00e9 de la direction locale de la culture. Le patrimoine culturel [&hellip;]<\/p>\n","protected":false},"author":1790,"featured_media":62968,"comment_status":"closed","ping_status":"closed","sticky":false,"template":"","format":"standard","meta":{"fifu_image_url":"","fifu_image_alt":"","footnotes":""},"categories":[53,76],"tags":[],"class_list":["post-62967","post","type-post","status-publish","format-standard","has-post-thumbnail","hentry","category-algerie","category-regions"],"_links":{"self":[{"href":"https:\/\/linitiative.ca\/International\/wp-json\/wp\/v2\/posts\/62967","targetHints":{"allow":["GET"]}}],"collection":[{"href":"https:\/\/linitiative.ca\/International\/wp-json\/wp\/v2\/posts"}],"about":[{"href":"https:\/\/linitiative.ca\/International\/wp-json\/wp\/v2\/types\/post"}],"author":[{"embeddable":true,"href":"https:\/\/linitiative.ca\/International\/wp-json\/wp\/v2\/users\/1790"}],"replies":[{"embeddable":true,"href":"https:\/\/linitiative.ca\/International\/wp-json\/wp\/v2\/comments?post=62967"}],"version-history":[{"count":0,"href":"https:\/\/linitiative.ca\/International\/wp-json\/wp\/v2\/posts\/62967\/revisions"}],"wp:featuredmedia":[{"embeddable":true,"href":"https:\/\/linitiative.ca\/International\/wp-json\/"}],"wp:attachment":[{"href":"https:\/\/linitiative.ca\/International\/wp-json\/wp\/v2\/media?parent=62967"}],"wp:term":[{"taxonomy":"category","embeddable":true,"href":"https:\/\/linitiative.ca\/International\/wp-json\/wp\/v2\/categories?post=62967"},{"taxonomy":"post_tag","embeddable":true,"href":"https:\/\/linitiative.ca\/International\/wp-json\/wp\/v2\/tags?post=62967"}],"curies":[{"name":"wp","href":"https:\/\/api.w.org\/{rel}","templated":true}]}}