{"id":62969,"date":"2019-10-01T13:47:23","date_gmt":"2019-10-01T17:47:23","guid":{"rendered":"https:\/\/linitiative.ca\/International\/une-centaine-dexposants-a-la-17eme-fete-de-la-figue-de-beni-maouche\/"},"modified":"2019-10-01T13:47:23","modified_gmt":"2019-10-01T17:47:23","slug":"une-centaine-dexposants-a-la-17eme-fete-de-la-figue-de-beni-maouche","status":"publish","type":"post","link":"https:\/\/linitiative.ca\/International\/une-centaine-dexposants-a-la-17eme-fete-de-la-figue-de-beni-maouche\/","title":{"rendered":"Une centaine d&rsquo;exposants \u00e0 la 17\u00e8me f\u00eate de la figue de Beni-Maouche"},"content":{"rendered":"<div>\n<div class=\"K2FeedIntroText\">\n<p><strong>BEJAIA &#8211; Une centaine d&rsquo;exposants ont pris part mardi \u00e0 l&rsquo;ouverture de la 17\u00e8me f\u00eate de la figue de Beni-Maouche, inscrite cette saison sous le th\u00e8me g\u00e9n\u00e9rique de \u00ab\u00a0Tous ensemble pour la promotion de la figuiculture\u00a0\u00bb.<\/strong><\/p>\n<\/div>\n<div class=\"K2FeedFullText\">\n<p>Cette nouvelle \u00e9dition a \u00e9t\u00e9 marqu\u00e9e par une production \u00e0 peine sup\u00e9rieur \u00e0 10.000 quintaux, contre 18.000 ant\u00e9rieurement. La baisse de production a impact\u00e9 le prix de la figue s\u00e9ch\u00e9e qui a atteint les 1500 dinars le kg.<\/p>\n<p>\u00ab\u00a0La qualit\u00e9 est l\u00e0, mais le prix reste quasiment hors de port\u00e9e pour les petites voire m\u00eame les moyennes bourses\u00a0\u00bb, a d\u00e9clar\u00e9 Mustapha, un acheteur potentiel habitu\u00e9 \u00e0 profiter de cet \u00e9v\u00e8nement pour faire un achat group\u00e9 de plusieurs mois. \u00ab\u00a0Je vais acheter juste de quoi tenir l&rsquo;hiver. Et \u00e0 l&rsquo;\u00e9puisement du stock, je me rabattrai sur les dattes\u00a0\u00bb, tranche-t-il plut\u00f4t amus\u00e9.<\/p>\n<p>Cette tendance \u00e0 la baisse n&rsquo;est pas caract\u00e9ristique seulement de Beni-Maouche, elle est g\u00e9n\u00e9rale \u00e0 toute la wilaya qui n&rsquo;a produit, selon la direction des Services agricoles, environ 250.000 quintaux contre plus de 300.000 en 2018, alors que la superficie du verger est rest\u00e9e invariable avec une superficie estim\u00e9e \u00e0 quelques 10.000 hectares.<\/p>\n<p>La baisse de production est principalement due selon les techniciens aux conditions climatiques \u00ab\u00a0tr\u00e8s d\u00e9favorables\u00a0\u00bb, a expliqu\u00e9 Tayeb, un producteur de la r\u00e9gion voisine de Seddouk, qui a mis en cause particuli\u00e8rement les chaleurs des mois de mai et juin.<\/p>\n<p>\u00ab\u00a0La r\u00e9colte s&rsquo;annon\u00e7ait sous les meilleurs auspices avec des arbres charg\u00e9s de fruits. Et \u00e0 l&rsquo;arriv\u00e9e, avec la chaleur ponctu\u00e9e de pluie \u00e0 l&rsquo;entr\u00e9e de l&rsquo;\u00e9t\u00e9, tout a bascul\u00e9\u00a0\u00bb, a-t-il d\u00e9plor\u00e9. Le constat est partag\u00e9, mais n&rsquo;est pas exclusif pour autant. De son c\u00f4t\u00e9, Zahir Saibi, professeur \u00e0 l&rsquo;ITAF de Sidi-Aich, tient pour responsable, le vieillissement et le manque d&rsquo;entretien des vergers, dont les carences en apport d&rsquo;eau (irrigation), le manque d&rsquo;engraissement et de fraisage, qui en se combinant affecte l&rsquo;arbre.<\/p>\n<p>\u00ab\u00a0C&rsquo;est comme l&rsquo;organisme humain, lorsqu&rsquo;il est mal entretenu ou ne re\u00e7oit pas les apports qui lui sont n\u00e9cessaires en terme de vitamine et d&rsquo;\u00e9nergie, il se fragilise\u00a0\u00bb, a-t-il expliqu\u00e9.<\/p>\n<p>Pour M.Aissat, des service agricoles, le redressement de la production tient fondamentalement dans l&rsquo;augmentation des vergers et des superficies d\u00e9di\u00e9es \u00e0 la figue. \u00ab\u00a0Il faut imp\u00e9rativement les doubler, atteindre par les plantations au moins 20.000 hectares\u00a0\u00bb, a-t-il estim\u00e9, \u00e9voquant les incendies de f\u00f4rets qui chaque \u00e9t\u00e9 consument des milliers d&rsquo;arbres qu&rsquo;il faut absolument remplacer.<\/p>\n<p>La f\u00eate de la figue, organis\u00e9e essentiellement par l&rsquo;association des producteurs de figue de Beni-Maouche et de la municipalit\u00e9 locale, offre une opportunit\u00e9 aux professionnels, au-del\u00e0 de son caract\u00e8re commercial, de d\u00e9battre et de discuter des voies et moyens \u00e0 m\u00eames de redresser l&rsquo;\u00e9tat de la fili\u00e8re.<\/p>\n<p>Son animation est ponctu\u00e9e en effet par la tenue d&rsquo;un s\u00e9minaire national mis sur pied en coordination avec les universit\u00e9s de Bejaia et qui se propose d&rsquo;en examiner les contraintes et les solutions aptes \u00e0 appliquer sur le terrain.<\/p>\n<\/div>\n<\/div>\n<p>Auteur:<br \/>\n<a href=\"http:\/\/www.aps.dz\/regions\/95072-une-centaine-d-exposants-a-la-17eme-fete-de-la-figue-de-beni-maouche\">Cliquez ici pour lire l&rsquo;article depuis sa source.<\/a><\/p>\n","protected":false},"excerpt":{"rendered":"<p>BEJAIA &#8211; Une centaine d&rsquo;exposants ont pris part mardi \u00e0 l&rsquo;ouverture de la 17\u00e8me f\u00eate de la figue de Beni-Maouche, inscrite cette saison sous le th\u00e8me g\u00e9n\u00e9rique de \u00ab\u00a0Tous ensemble pour la promotion de la figuiculture\u00a0\u00bb. Cette nouvelle \u00e9dition a \u00e9t\u00e9 marqu\u00e9e par une production \u00e0 peine sup\u00e9rieur \u00e0 10.000 quintaux, contre 18.000 ant\u00e9rieurement. La [&hellip;]<\/p>\n","protected":false},"author":1790,"featured_media":0,"comment_status":"closed","ping_status":"closed","sticky":false,"template":"","format":"standard","meta":{"fifu_image_url":"","fifu_image_alt":"","footnotes":""},"categories":[53,76],"tags":[],"class_list":["post-62969","post","type-post","status-publish","format-standard","hentry","category-algerie","category-regions"],"_links":{"self":[{"href":"https:\/\/linitiative.ca\/International\/wp-json\/wp\/v2\/posts\/62969","targetHints":{"allow":["GET"]}}],"collection":[{"href":"https:\/\/linitiative.ca\/International\/wp-json\/wp\/v2\/posts"}],"about":[{"href":"https:\/\/linitiative.ca\/International\/wp-json\/wp\/v2\/types\/post"}],"author":[{"embeddable":true,"href":"https:\/\/linitiative.ca\/International\/wp-json\/wp\/v2\/users\/1790"}],"replies":[{"embeddable":true,"href":"https:\/\/linitiative.ca\/International\/wp-json\/wp\/v2\/comments?post=62969"}],"version-history":[{"count":0,"href":"https:\/\/linitiative.ca\/International\/wp-json\/wp\/v2\/posts\/62969\/revisions"}],"wp:attachment":[{"href":"https:\/\/linitiative.ca\/International\/wp-json\/wp\/v2\/media?parent=62969"}],"wp:term":[{"taxonomy":"category","embeddable":true,"href":"https:\/\/linitiative.ca\/International\/wp-json\/wp\/v2\/categories?post=62969"},{"taxonomy":"post_tag","embeddable":true,"href":"https:\/\/linitiative.ca\/International\/wp-json\/wp\/v2\/tags?post=62969"}],"curies":[{"name":"wp","href":"https:\/\/api.w.org\/{rel}","templated":true}]}}