{"id":62972,"date":"2019-10-01T15:14:28","date_gmt":"2019-10-01T19:14:28","guid":{"rendered":"https:\/\/linitiative.ca\/International\/ligue-1-2-jsk-saadou-lexpulsion-de-souyed-nous-a-penalises-mais-nous-y-avons-cru-jusquau-bout\/"},"modified":"2019-10-01T15:14:28","modified_gmt":"2019-10-01T19:14:28","slug":"ligue-1-2-jsk-saadou-lexpulsion-de-souyed-nous-a-penalises-mais-nous-y-avons-cru-jusquau-bout","status":"publish","type":"post","link":"https:\/\/linitiative.ca\/International\/ligue-1-2-jsk-saadou-lexpulsion-de-souyed-nous-a-penalises-mais-nous-y-avons-cru-jusquau-bout\/","title":{"rendered":"Ligue 1 &amp; 2 : JSK : Sa\u00e2dou \u00abL\u2019expulsion de Souyed nous a p\u00e9nalis\u00e9s, mais nous y avons cru jusqu\u2019au bout\u00bb"},"content":{"rendered":"<div readability=\"32\">\n<p>Auteur : <span>S. D.<\/span> <span class=\"time\">mardi 01 octobre 2019 10:07<\/span><\/p>\n<\/div>\n<div id=\"post_core\" readability=\"105\">\n<p>Le d\u00e9fenseur central de la JS Kabylie Nabil Sa\u00e2dou, dont la participation en comp\u00e9tition africaine est une premi\u00e8re, s\u2019est montr\u00e9 tr\u00e8s fier de la qualif\u2019 de son \u00e9quipe pour la phase de poules de la Ligue des champions africaine. Le joueur en question estime que l\u2019expulsion de Souyed a beaucoup p\u00e9nalis\u00e9 les Kabyles, mais que lui et ses co\u00e9quipiers n\u2019ont \u00e0 aucun moment baiss\u00e9 les bras. Il revient \u00e9galement dans cet entretien sur la suite du parcours qui attend la JSK en comp\u00e9tition africaine et en championnat.<br \/><strong>Tout d\u2019abord, que pourriez-vous nous dire sur votre qualification aux poules de la Ligue des champions ?<\/strong><br \/>\u00a0Nous sommes, naturellement, tr\u00e8s contents et fiers d\u2019avoir compost\u00e9 notre billet pour la phase de poules de la Ligue des champions africaine. Il faut reconna\u00eetre que le match a \u00e9t\u00e9 tr\u00e8s difficile contre une bonne \u00e9quipe de Horoya Conakry qui nous a cr\u00e9\u00e9 beaucoup de probl\u00e8mes. Toutefois, j\u2019estime qu\u2019on aurait pu \u00e9viter d\u2019aller aux tirs au but et d\u00e9crocher la qualif\u2019 dans le temps r\u00e9glementaire du match car l\u2019expulsion de Souyed nous a beaucoup p\u00e9nalis\u00e9s.\u00a0 D\u2019ailleurs, nous avons bien r\u00e9sist\u00e9 avant son expulsion. Mais apr\u00e8s sa sortie, c\u2019est devenu plus compliqu\u00e9 car ce n\u2019\u00e9tait pas facile pour nous de continuer \u00e0 jouer en inf\u00e9riorit\u00e9 num\u00e9rique. Dieu merci, nous n\u2019avons pas encaiss\u00e9 un troisi\u00e8me but. La s\u00e9ance des tirs au but nous a souri et nous sommes fiers de poursuivre l\u2019aventure en comp\u00e9tition africaine.<br \/><strong>On imagine que cette qualif\u2019 a un go\u00fbt tr\u00e8s sp\u00e9cial, apr\u00e8s ce qui vous \u00e9tait arriv\u00e9 face au CRB ?<\/strong><br \/>Bien s\u00fbr. Cette qualification nous fait beaucoup de bien sur le plan mental. C\u2019est une qualif\u2019 qui est vraiment arriv\u00e9e au bon moment, notamment apr\u00e8s la derni\u00e8re d\u00e9faite conc\u00e9d\u00e9e \u00e0 domicile en championnat contre le CRB et tous les tristes \u00e9v\u00e8nements qui s\u2019en sont suivis. Je ne vous cache pas que nous \u00e9tions touch\u00e9s dans notre amour-propre apr\u00e8s ce revers. Nous avons d\u2019ailleurs tr\u00e8s mal dig\u00e9r\u00e9 cette d\u00e9faite. Il faut aussi reconna\u00eetre que nous n\u2019avons pas eu le temps n\u00e9cessaire de bien pr\u00e9parer ce match retour face au Horoya Conakry. Cependant, nous y avons cru en nos chances jusqu\u2019au bout. Nous sommes vraiment fiers d\u2019avoir relev\u00e9 le d\u00e9fi.<br \/><strong>N\u2019avez-vous pas dout\u00e9, apr\u00e8s avoir encaiss\u00e9 le second but ?<\/strong><br \/>&#8211;\u00a0\u00a0 \u00a0Il est vrai que ce second but nous a fait mal. Mais j\u2019avoue que nous sommes rest\u00e9s tr\u00e8s concentr\u00e9s. On savait bien qu\u2019une \u00e9limination en Ligue des champions africaine allait avoir de lourdes retomb\u00e9es sur le club, notamment apr\u00e8s la derni\u00e8re d\u00e9faite conc\u00e9d\u00e9e face au CR Belouizdad. Nous avons donc tout donn\u00e9 sur le terrain pour arracher cette qualif\u2019.\u00a0 Comme vous avez pu le constater, nous avons fait un match d\u2019hommes en allant chercher cette qualif\u2019 \u00e0 Conakry dans des conditions tr\u00e8s p\u00e9nibles.<br \/><strong>Comment voyez-vous la suite de votre parcours africain ?<\/strong><br \/>Il est clair que nous allons d\u00e9sormais basculer dans une autre \u00e9tape de la comp\u00e9tition en passant \u00e0 la phase de poules de la Ligue des champions. Nous savons aussi que nous allons d\u00e9sormais avoir \u00e0 faire \u00e0 de grosses \u00e9curies du continent. Il va donc falloir bien pr\u00e9parer la suite du parcours en Ligue des champions.\u00a0 Cependant, il faudra penser pour l\u2019instant au championnat. On doit se remettre rapidement au travail pour pr\u00e9parer nos prochains matchs. Notre objectif est de renouer le plus rapidement possible avec les r\u00e9sultats positifs. On aura par la suite tout le temps pour penser \u00e0 la Ligue des champions africaine.<br \/><strong>Un mot pour les supporters\u2026<\/strong><br \/>Les supporters doivent savoir qu\u2019ils ont des hommes sur lesquels ils peuvent compter. On a tenu notre promesse d\u2019aller chercher la qualif\u2019 de Conakry. La derni\u00e8re d\u00e9faite face au CRB nous avait fait tr\u00e8s mal. Nous savons aussi que ce ne sont pas les v\u00e9ritables supporters de la JSK qui \u00e9taient \u00e0 l\u2019origine des incidents qu\u2019avait connus ce match.\u00a0 Les vrais supporters de la JSK ne peuvent pas faire du mal \u00e0 leur \u00e9quipe. On promet \u00e0 nos fans de tout faire pour hisser le club vers le haut du tableau.<br \/>\u00a0<\/p>\n<p><strong>Probable Clasico JSK-USMA en phase de poules<\/strong><\/p>\n<p>Retrouver la comp\u00e9tition africaine est ind\u00e9niablement le plus beau cadeau que peuvent offrir les joueurs \u00e0 leurs supporters, apr\u00e8s la lourde d\u00e9faite inattendue en championnat face au CRB, il y a moins d\u2019une semaine. La r\u00e9conciliation est donc vite scell\u00e9e entre les joueurs et leurs fans, les vrais bien entendu. Cette qualification \u00e0 la phase de poules n\u2019a pas \u00e9t\u00e9 d\u00e9croch\u00e9e facilement contre l\u2019adversaire guin\u00e9en de Horoya de Conakry qui avait les atouts du terrain et du public. Les hommes du coach Hubert Velud ont d\u00fb faire montre de beaucoup de volont\u00e9 et d\u2019une grande d\u00e9termination pour pouvoir passer l\u2019\u00e9cueil guin\u00e9en. R\u00e9duits \u00e0 dix, apr\u00e8s l\u2019expulsion de Souyed, les Canaris ont \u00e9t\u00e9 rattrap\u00e9s au score. Pass\u00e9s directement \u00e0 la s\u00e9rie des tirs au but, les co\u00e9quipiers de Addadi ont fait le plus dur encore. Neuf ans apr\u00e8s, la JSK revient par la grande porte \u00e0 une comp\u00e9tition qui ne lui est pas nouvelle. Elle fait d\u00e9sormais partie des 16 meilleurs clubs du continent. Le pr\u00e9sident Mellal, tout euphorique, a d\u00e9clar\u00e9 que la JSK ne s\u2019arr\u00eatera pas en si bon chemin et qu\u2019il promet de mettre tous les moyens \u00e0 la disposition de son \u00e9quipe pour aller encore plus loin. L\u2019autre repr\u00e9sentant alg\u00e9rien dans la m\u00eame comp\u00e9tition, l\u2019USMA en l\u2019occurrence, a aussi pour sa part r\u00e9alis\u00e9 une belle op\u00e9ration en allant chercher la qualification du Kenya face au Ghor Maya. Au match aller, les Usmistes l\u2019ont remport\u00e9 largement sur le score de quatre buts \u00e0 un et gagn\u00e9 \u00e0 l\u2019ext\u00e9rieur (2-0). Ne se trouvant pas dans le m\u00eame chapeau, la JSK dans le quatri\u00e8me et l\u2019USMA dans le deuxi\u00e8me, les deux clubs pourraient se retrouver dans le m\u00eame groupe lors de la prochaine phase des poules. Un Clasico JSK-USMA n\u2019est pas \u00e0 \u00e9carter.<\/p>\n<p><strong>Les 16 meilleurs clubs de leurs pays respectifs, le niveau sera tr\u00e8s \u00e9lev\u00e9<\/strong><br \/>A la lecture de la composante des quatre chapeaux, on est bien renseign\u00e9 d\u00e9j\u00e0 que ce sont les 16 meilleurs clubs de leurs pays respectifs qui animeront la prochaine phase de poules de la LDC, \u00e9dition 2019\/2020. On citera \u00e0 titre d\u2019exemple, le club le plus titr\u00e9 d\u2019Egypte Al Ahly qui se retrouve dans le chapeau 1 en compagnie du TP Mazembe tombeur de la JSK en 2010, de l\u2019ES Tunis et du WA Casablanca. Dans le chapeau 2, on trouve l\u2019ES Sahel, USMA, le Zamalek d\u2019Egypte et Sundows. Dans le chapeau 3 le Raja Casablanca, Zesco United, Vita Club et Al Hilal du Soudan et enfin le chapeau 4 de la JSK en compagnie du Preimiro Agosto, FC Platinium et le club Angolais du Petro Atletico. De grosses affiches attendus donc pour la phase de poules et certainement de chauds derbys maghr\u00e9bins.<\/p>\n<p><strong>La premi\u00e8re journ\u00e9e, les 29 et 30 novembre<\/strong><br \/>En attendant le tirage au sort qui aura lieu le 7 octobre prochain au Caire, on sait d\u00e9j\u00e0 que la premi\u00e8re journ\u00e9e se d\u00e9roulera les 29 et 30 novembre prochain. D\u2019ici l\u00e0, la JSK aura tout le temps de pr\u00e9parer sa premi\u00e8re sortie en phase de poules et avec certainement des ambitions qui seront revues \u00e0 la hausse. En tout cas, c\u2019est le sentiment affich\u00e9 par l\u2019ensemble des dirigeants \u00e0 leur t\u00eate le pr\u00e9sident Cherif Mellal qui promet de mettre tous les moyens afin d\u2019atteindre un tour avanc\u00e9 de cette comp\u00e9tition le plus prestigieuse du continent. Les Kabyles, qui sont attendus ce matin au pays, auront certainement \u00e0 f\u00eater avec leurs supporters cette qualification hautement m\u00e9rit\u00e9e, laquelle leur donnera plus d\u2019\u00e9nergie pour la suite de la comp\u00e9tition. Ils vont, toutefois, devoir se remettre tr\u00e8s vite au travail pour pr\u00e9parer leur prochaine sortie en championnat contre l\u2019ESS car l\u2019objectif est de se hisser en haut du classement et ne pas se faire distancer par les concurrents \u00e0 la premi\u00e8re place.<br \/>\u00a0<\/p>\n<p><strong>Publi\u00e9 dans :<\/strong> <span>JSK<\/span> <span>Sa\u00e2dou<\/span> <span>Souyed<\/span><\/p>\n<\/div>\n<p>Auteur:<br \/>\n<a href=\"http:\/\/www.lebuteur.com\/article\/detail?titre=jsk-saadou-lexpulsion-de-souyed-nous-a-penalises-mais-nous-y-avons-cru-jusquau-bout&#038;id=92025&#038;utm_source=feedburner&#038;utm_medium=feed&#038;utm_campaign=Feed%3A+GalerieFArtciles+%28Les+derniers+articles++-+lebuteur.com%29\">Cliquez ici pour lire l&rsquo;article depuis sa source.<\/a><\/p>\n","protected":false},"excerpt":{"rendered":"<p>Auteur : S. D. mardi 01 octobre 2019 10:07 Le d\u00e9fenseur central de la JS Kabylie Nabil Sa\u00e2dou, dont la participation en comp\u00e9tition africaine est une premi\u00e8re, s\u2019est montr\u00e9 tr\u00e8s fier de la qualif\u2019 de son \u00e9quipe pour la phase de poules de la Ligue des champions africaine. Le joueur en question estime que l\u2019expulsion [&hellip;]<\/p>\n","protected":false},"author":1738,"featured_media":62973,"comment_status":"closed","ping_status":"closed","sticky":false,"template":"","format":"standard","meta":{"fifu_image_url":"","fifu_image_alt":"","footnotes":""},"categories":[53,75],"tags":[],"class_list":["post-62972","post","type-post","status-publish","format-standard","has-post-thumbnail","hentry","category-algerie","category-sport"],"_links":{"self":[{"href":"https:\/\/linitiative.ca\/International\/wp-json\/wp\/v2\/posts\/62972","targetHints":{"allow":["GET"]}}],"collection":[{"href":"https:\/\/linitiative.ca\/International\/wp-json\/wp\/v2\/posts"}],"about":[{"href":"https:\/\/linitiative.ca\/International\/wp-json\/wp\/v2\/types\/post"}],"author":[{"embeddable":true,"href":"https:\/\/linitiative.ca\/International\/wp-json\/wp\/v2\/users\/1738"}],"replies":[{"embeddable":true,"href":"https:\/\/linitiative.ca\/International\/wp-json\/wp\/v2\/comments?post=62972"}],"version-history":[{"count":0,"href":"https:\/\/linitiative.ca\/International\/wp-json\/wp\/v2\/posts\/62972\/revisions"}],"wp:featuredmedia":[{"embeddable":true,"href":"https:\/\/linitiative.ca\/International\/wp-json\/"}],"wp:attachment":[{"href":"https:\/\/linitiative.ca\/International\/wp-json\/wp\/v2\/media?parent=62972"}],"wp:term":[{"taxonomy":"category","embeddable":true,"href":"https:\/\/linitiative.ca\/International\/wp-json\/wp\/v2\/categories?post=62972"},{"taxonomy":"post_tag","embeddable":true,"href":"https:\/\/linitiative.ca\/International\/wp-json\/wp\/v2\/tags?post=62972"}],"curies":[{"name":"wp","href":"https:\/\/api.w.org\/{rel}","templated":true}]}}