{"id":62974,"date":"2019-10-01T15:14:30","date_gmt":"2019-10-01T19:14:30","guid":{"rendered":"https:\/\/linitiative.ca\/International\/international-ol-genesio-a-une-explication-aux-deboires-de-houssem-aouar-cette-saison\/"},"modified":"2019-10-01T15:14:30","modified_gmt":"2019-10-01T19:14:30","slug":"international-ol-genesio-a-une-explication-aux-deboires-de-houssem-aouar-cette-saison","status":"publish","type":"post","link":"https:\/\/linitiative.ca\/International\/international-ol-genesio-a-une-explication-aux-deboires-de-houssem-aouar-cette-saison\/","title":{"rendered":"International : OL : Genesio a une explication aux d\u00e9boires de Houssem Aouar cette saison"},"content":{"rendered":"<div readability=\"32\">\n<p>Auteur : <span class=\"time\">mardi 01 octobre 2019 13:54<\/span><\/p>\n<\/div>\n<div id=\"post_core\" readability=\"45\">\n<p>En effet, le jeune joueur de l&rsquo;OL a perdu de sa superbe depuis la prise de fonctions de Sylvinho. Face au PSG il y a une semaine, il a m\u00eame livr\u00e9 une prestation tr\u00e8s inqui\u00e9tante. De quoi faire pleuvoir les critiques \u00e0 Lyon. N\u00e9anmoins, un homme qui le conna\u00eet tr\u00e8s bien a vol\u00e9 \u00e0 son secours\u00a0: Bruno Genesio :<\/p>\n<p>\u00ab\u00a0Aouar est un joueur de classe internationale. Il a le potentiel pour jouer dans les plus grands clubs europ\u00e9ens. Je n\u2019ai pas vu tous les matchs de Lyon donc c\u2019est difficile de faire une analyse. Je pense que le staff actuel a voulu corriger la f\u00e9brilit\u00e9 d\u00e9fensive de la saison derni\u00e8re donc peut-\u00eatre qu\u2019Aouar a des consignes diff\u00e9rentes. Et \u00e0 se concentrer sur le placement d\u00e9fensif, peut-\u00eatre qu\u2019il en oublie de se l\u00e2cher pour poser des probl\u00e8mes \u00e0 l\u2019adversaire\u00a0\u00bb, a comment\u00e9 l\u2019ancien entra\u00eeneur de l\u2019Olympique Lyonnais sur beIN SPORTS et comme le rapporte Foot01.<\/p>\n<p><strong>Publi\u00e9 dans :<\/strong> <span>Lyon<\/span><\/p>\n<\/div>\n<p>Auteur:<br \/>\n<a href=\"http:\/\/www.lebuteur.com\/article\/detail?titre=ol-genesio-a-une-explication-aux-deboires-de-houssem-aouar-cette-saison&#038;id=92044&#038;utm_source=feedburner&#038;utm_medium=feed&#038;utm_campaign=Feed%3A+GalerieFArtciles+%28Les+derniers+articles++-+lebuteur.com%29\">Cliquez ici pour lire l&rsquo;article depuis sa source.<\/a><\/p>\n","protected":false},"excerpt":{"rendered":"<p>Auteur : mardi 01 octobre 2019 13:54 En effet, le jeune joueur de l&rsquo;OL a perdu de sa superbe depuis la prise de fonctions de Sylvinho. Face au PSG il y a une semaine, il a m\u00eame livr\u00e9 une prestation tr\u00e8s inqui\u00e9tante. De quoi faire pleuvoir les critiques \u00e0 Lyon. N\u00e9anmoins, un homme qui le [&hellip;]<\/p>\n","protected":false},"author":1738,"featured_media":62975,"comment_status":"closed","ping_status":"closed","sticky":false,"template":"","format":"standard","meta":{"fifu_image_url":"","fifu_image_alt":"","footnotes":""},"categories":[53,75],"tags":[],"class_list":["post-62974","post","type-post","status-publish","format-standard","has-post-thumbnail","hentry","category-algerie","category-sport"],"_links":{"self":[{"href":"https:\/\/linitiative.ca\/International\/wp-json\/wp\/v2\/posts\/62974","targetHints":{"allow":["GET"]}}],"collection":[{"href":"https:\/\/linitiative.ca\/International\/wp-json\/wp\/v2\/posts"}],"about":[{"href":"https:\/\/linitiative.ca\/International\/wp-json\/wp\/v2\/types\/post"}],"author":[{"embeddable":true,"href":"https:\/\/linitiative.ca\/International\/wp-json\/wp\/v2\/users\/1738"}],"replies":[{"embeddable":true,"href":"https:\/\/linitiative.ca\/International\/wp-json\/wp\/v2\/comments?post=62974"}],"version-history":[{"count":0,"href":"https:\/\/linitiative.ca\/International\/wp-json\/wp\/v2\/posts\/62974\/revisions"}],"wp:featuredmedia":[{"embeddable":true,"href":"https:\/\/linitiative.ca\/International\/wp-json\/"}],"wp:attachment":[{"href":"https:\/\/linitiative.ca\/International\/wp-json\/wp\/v2\/media?parent=62974"}],"wp:term":[{"taxonomy":"category","embeddable":true,"href":"https:\/\/linitiative.ca\/International\/wp-json\/wp\/v2\/categories?post=62974"},{"taxonomy":"post_tag","embeddable":true,"href":"https:\/\/linitiative.ca\/International\/wp-json\/wp\/v2\/tags?post=62974"}],"curies":[{"name":"wp","href":"https:\/\/api.w.org\/{rel}","templated":true}]}}