{"id":62978,"date":"2019-10-01T15:14:34","date_gmt":"2019-10-01T19:14:34","guid":{"rendered":"https:\/\/linitiative.ca\/International\/international-man-utd-sanchez-heureux-davoir-quitter-les-red-devils\/"},"modified":"2019-10-01T15:14:34","modified_gmt":"2019-10-01T19:14:34","slug":"international-man-utd-sanchez-heureux-davoir-quitter-les-red-devils","status":"publish","type":"post","link":"https:\/\/linitiative.ca\/International\/international-man-utd-sanchez-heureux-davoir-quitter-les-red-devils\/","title":{"rendered":"International : Man Utd : Sanchez heureux d\u2019avoir quitter les Red Devils"},"content":{"rendered":"<div readability=\"32\">\n<p>Auteur : <span class=\"time\">mardi 01 octobre 2019 15:00<\/span><\/p>\n<\/div>\n<div id=\"post_core\" readability=\"44\">\n<p>\u00ab\u00a0C\u2019\u00e9tait un peu comme tomber \u00e0 nouveau amoureux du football\u00a0\u00bb explique l\u2019international chilien. \u00ab\u00a0Oui, c\u2019\u00e9tait un peu comme trouver l\u2019amour pour le football, ainsi que le d\u00e9sir de gagner quelque chose avec ce club\u00a0\u00bb a-t-il ajout\u00e9 alors qu\u2019il estime que son club actuel peut \u00e0 nouveau r\u00eaver \u00e0 des troph\u00e9es.<\/p>\n<p>Alexis Sanchez ajoute que le club lombard dispose du meilleur entra\u00eeneur qu\u2019il soit pour ramener l\u2019Inter vers les sommets : \u00ab\u00a0Je pense que l\u2019entra\u00eeneur veut tout gagner. Cela se voit \u00e0 la fa\u00e7on dont nous nous entra\u00eenons et \u00e0 nos jeux. Il transmet son d\u00e9sir aux joueurs et est positif \u00e0 la fois pour le club et pour l\u2019\u00e9quipe.\u00a0\u00bb explique Alexis Sanchez rapporte Mercatofootanglais.<\/p>\n<p><strong>Publi\u00e9 dans :<\/strong> <span>Inter<\/span> <span>Man Utd<\/span> <span>Sanchez<\/span><\/p>\n<\/div>\n<p>Auteur:<br \/>\n<a href=\"http:\/\/www.lebuteur.com\/article\/detail?titre=man-utd-sanchez-heureux-davoir-quitter-les-red-devils&#038;id=92043&#038;utm_source=feedburner&#038;utm_medium=feed&#038;utm_campaign=Feed%3A+GalerieFArtciles+%28Les+derniers+articles++-+lebuteur.com%29\">Cliquez ici pour lire l&rsquo;article depuis sa source.<\/a><\/p>\n","protected":false},"excerpt":{"rendered":"<p>Auteur : mardi 01 octobre 2019 15:00 \u00ab\u00a0C\u2019\u00e9tait un peu comme tomber \u00e0 nouveau amoureux du football\u00a0\u00bb explique l\u2019international chilien. \u00ab\u00a0Oui, c\u2019\u00e9tait un peu comme trouver l\u2019amour pour le football, ainsi que le d\u00e9sir de gagner quelque chose avec ce club\u00a0\u00bb a-t-il ajout\u00e9 alors qu\u2019il estime que son club actuel peut \u00e0 nouveau r\u00eaver \u00e0 [&hellip;]<\/p>\n","protected":false},"author":1738,"featured_media":62979,"comment_status":"closed","ping_status":"closed","sticky":false,"template":"","format":"standard","meta":{"fifu_image_url":"","fifu_image_alt":"","footnotes":""},"categories":[53,75],"tags":[],"class_list":["post-62978","post","type-post","status-publish","format-standard","has-post-thumbnail","hentry","category-algerie","category-sport"],"_links":{"self":[{"href":"https:\/\/linitiative.ca\/International\/wp-json\/wp\/v2\/posts\/62978","targetHints":{"allow":["GET"]}}],"collection":[{"href":"https:\/\/linitiative.ca\/International\/wp-json\/wp\/v2\/posts"}],"about":[{"href":"https:\/\/linitiative.ca\/International\/wp-json\/wp\/v2\/types\/post"}],"author":[{"embeddable":true,"href":"https:\/\/linitiative.ca\/International\/wp-json\/wp\/v2\/users\/1738"}],"replies":[{"embeddable":true,"href":"https:\/\/linitiative.ca\/International\/wp-json\/wp\/v2\/comments?post=62978"}],"version-history":[{"count":0,"href":"https:\/\/linitiative.ca\/International\/wp-json\/wp\/v2\/posts\/62978\/revisions"}],"wp:featuredmedia":[{"embeddable":true,"href":"https:\/\/linitiative.ca\/International\/wp-json\/"}],"wp:attachment":[{"href":"https:\/\/linitiative.ca\/International\/wp-json\/wp\/v2\/media?parent=62978"}],"wp:term":[{"taxonomy":"category","embeddable":true,"href":"https:\/\/linitiative.ca\/International\/wp-json\/wp\/v2\/categories?post=62978"},{"taxonomy":"post_tag","embeddable":true,"href":"https:\/\/linitiative.ca\/International\/wp-json\/wp\/v2\/tags?post=62978"}],"curies":[{"name":"wp","href":"https:\/\/api.w.org\/{rel}","templated":true}]}}