{"id":62985,"date":"2019-10-01T13:31:00","date_gmt":"2019-10-01T17:31:00","guid":{"rendered":"https:\/\/linitiative.ca\/International\/presidentielle-1470-maires-cooperent-avec-lanie\/"},"modified":"2019-10-01T13:31:00","modified_gmt":"2019-10-01T17:31:00","slug":"presidentielle-1470-maires-cooperent-avec-lanie","status":"publish","type":"post","link":"https:\/\/linitiative.ca\/International\/presidentielle-1470-maires-cooperent-avec-lanie\/","title":{"rendered":"PRESIDENTIELLE : 1470 maires  coop\u00e8rent avec l\u2019ANIE"},"content":{"rendered":"<p><br id=\"sep_para_1\" class=\"sep_para access\"\/><\/p>\n<div id=\"para_1\" class=\"para_33264299 resize\">\n<div class=\"texte access firstletter\">C\u2019est le vice-pr\u00e9sident de l\u2019Autorit\u00e9 nationale ind\u00e9pendante des \u00e9lections (ANIE), Abdelhafid Milat, qui l\u2019a annonc\u00e9 ce mardi. Invit\u00e9 du Forum du journal El Moudjahid, Abdelhafid Milat affirme qu\u2019il n\u2019y a qu\u2019une petite minorit\u00e9 de Pr\u00e9sidents d\u2019Assembl\u00e9es populaires communales (maires) \u00e0 rejeter les prochaines \u00e9lections pr\u00e9sidentielles du 12 d\u00e9cembre.\u00a0 Selon le vice-pr\u00e9sident de l\u2019Autorit\u00e9 nationale ind\u00e9pendante des \u00e9lections, plus de 1470 Pr\u00e9sidents d\u2019APC sur un total de 1541 coop\u00e8rent parfaitement pour faire r\u00e9ussir le prochain rendez-vous \u00e9lectoral. Pour rappel, plusieurs maires ont annonc\u00e9 leur refus de participer \u00e0 l\u2019organisation des \u00e9lections pr\u00e9sidentielles pr\u00e9vues pour le 12 d\u00e9cembre prochain.\u00a0\u00a0<\/div>\n<\/div>\n<p>Auteur: Ismain<br \/>\n<a href=\"https:\/\/www.reflexiondz.net\/PRESIDENTIELLE-1470-maires-cooperent-avec-l-ANIE_a57957.html\">Cliquez ici pour lire l&rsquo;article depuis sa source.<\/a><\/p>\n","protected":false},"excerpt":{"rendered":"<p>C\u2019est le vice-pr\u00e9sident de l\u2019Autorit\u00e9 nationale ind\u00e9pendante des \u00e9lections (ANIE), Abdelhafid Milat, qui l\u2019a annonc\u00e9 ce mardi. Invit\u00e9 du Forum du journal El Moudjahid, Abdelhafid Milat affirme qu\u2019il n\u2019y a qu\u2019une petite minorit\u00e9 de Pr\u00e9sidents d\u2019Assembl\u00e9es populaires communales (maires) \u00e0 rejeter les prochaines \u00e9lections pr\u00e9sidentielles du 12 d\u00e9cembre.\u00a0 Selon le vice-pr\u00e9sident de l\u2019Autorit\u00e9 nationale ind\u00e9pendante [&hellip;]<\/p>\n","protected":false},"author":1740,"featured_media":0,"comment_status":"closed","ping_status":"closed","sticky":false,"template":"","format":"standard","meta":{"fifu_image_url":"","fifu_image_alt":"","footnotes":""},"categories":[53,76],"tags":[],"class_list":["post-62985","post","type-post","status-publish","format-standard","hentry","category-algerie","category-regions"],"_links":{"self":[{"href":"https:\/\/linitiative.ca\/International\/wp-json\/wp\/v2\/posts\/62985","targetHints":{"allow":["GET"]}}],"collection":[{"href":"https:\/\/linitiative.ca\/International\/wp-json\/wp\/v2\/posts"}],"about":[{"href":"https:\/\/linitiative.ca\/International\/wp-json\/wp\/v2\/types\/post"}],"author":[{"embeddable":true,"href":"https:\/\/linitiative.ca\/International\/wp-json\/wp\/v2\/users\/1740"}],"replies":[{"embeddable":true,"href":"https:\/\/linitiative.ca\/International\/wp-json\/wp\/v2\/comments?post=62985"}],"version-history":[{"count":0,"href":"https:\/\/linitiative.ca\/International\/wp-json\/wp\/v2\/posts\/62985\/revisions"}],"wp:attachment":[{"href":"https:\/\/linitiative.ca\/International\/wp-json\/wp\/v2\/media?parent=62985"}],"wp:term":[{"taxonomy":"category","embeddable":true,"href":"https:\/\/linitiative.ca\/International\/wp-json\/wp\/v2\/categories?post=62985"},{"taxonomy":"post_tag","embeddable":true,"href":"https:\/\/linitiative.ca\/International\/wp-json\/wp\/v2\/tags?post=62985"}],"curies":[{"name":"wp","href":"https:\/\/api.w.org\/{rel}","templated":true}]}}