{"id":62986,"date":"2019-10-01T13:31:00","date_gmt":"2019-10-01T17:31:00","guid":{"rendered":"https:\/\/linitiative.ca\/International\/djaballah-pour-lidee-dun-candidat-consensuel\/"},"modified":"2019-10-01T13:31:00","modified_gmt":"2019-10-01T17:31:00","slug":"djaballah-pour-lidee-dun-candidat-consensuel","status":"publish","type":"post","link":"https:\/\/linitiative.ca\/International\/djaballah-pour-lidee-dun-candidat-consensuel\/","title":{"rendered":"Djaballah pour  l\u2019id\u00e9e d\u2019un candidat consensuel !"},"content":{"rendered":"<p><br id=\"sep_para_1\" class=\"sep_para access\"\/><\/p>\n<div id=\"para_1\" class=\"para_33264314 resize\">\n<div class=\"texte access firstletter\">Le chef de file du FJD, Abdellah\u00a0 Djaballah, a affirm\u00e9 que son parti n\u2019\u00e9tait pas contre l\u2019id\u00e9e de candidat consensuel, il estime qu\u2019aucun des pr\u00e9tendants actuels ne m\u00e9rite la confiance de sa formation. Notons que Djaballah n\u2019a pas cit\u00e9 nomm\u00e9ment les candidats en question, sachant que 100 pr\u00e9tendants ont affich\u00e9 leurs intentions de participer au prochain scrutin. \u201cNous nous rangeons du c\u00f4t\u00e9 du candidat qui sera au service du peuple et des int\u00e9r\u00eats supr\u00eames du pays\u201d, a-t-il affirm\u00e9. Pour lui, il est primordial que le pouvoir satisfasse les revendications du peuple et \u201cne pas aller vers des \u00e9lections pr\u00e9sidentielles sans que des conditions idoines ne soient r\u00e9unies\u201d. Pour ce qui est du candidat de consensus, le pr\u00e9sident du FJD a pr\u00e9cis\u00e9 que certains estimaient que le Front serait en train de chercher un candidat consensuel \u201cbien que nous n\u2019avions jamais \u00e9voqu\u00e9 ce sujet dans notre communiqu\u00e9. N\u00e9anmoins, nous ne sommes pas contre ce principe\u201d. A ce titre, il a soulign\u00e9 qu\u2019une telle attitude \u00e9tait tributaire des \u00e9v\u00e9nements qui se produisent sur la sc\u00e8ne politique.<\/div>\n<\/div>\n<p>Auteur: R\u00e9flexion<br \/>\n<a href=\"https:\/\/www.reflexiondz.net\/Djaballah-pour-l-idee-d-un-candidat-consensuel-_a57960.html\">Cliquez ici pour lire l&rsquo;article depuis sa source.<\/a><\/p>\n","protected":false},"excerpt":{"rendered":"<p>Le chef de file du FJD, Abdellah\u00a0 Djaballah, a affirm\u00e9 que son parti n\u2019\u00e9tait pas contre l\u2019id\u00e9e de candidat consensuel, il estime qu\u2019aucun des pr\u00e9tendants actuels ne m\u00e9rite la confiance de sa formation. Notons que Djaballah n\u2019a pas cit\u00e9 nomm\u00e9ment les candidats en question, sachant que 100 pr\u00e9tendants ont affich\u00e9 leurs intentions de participer au [&hellip;]<\/p>\n","protected":false},"author":1740,"featured_media":0,"comment_status":"closed","ping_status":"closed","sticky":false,"template":"","format":"standard","meta":{"fifu_image_url":"","fifu_image_alt":"","footnotes":""},"categories":[53,76],"tags":[],"class_list":["post-62986","post","type-post","status-publish","format-standard","hentry","category-algerie","category-regions"],"_links":{"self":[{"href":"https:\/\/linitiative.ca\/International\/wp-json\/wp\/v2\/posts\/62986","targetHints":{"allow":["GET"]}}],"collection":[{"href":"https:\/\/linitiative.ca\/International\/wp-json\/wp\/v2\/posts"}],"about":[{"href":"https:\/\/linitiative.ca\/International\/wp-json\/wp\/v2\/types\/post"}],"author":[{"embeddable":true,"href":"https:\/\/linitiative.ca\/International\/wp-json\/wp\/v2\/users\/1740"}],"replies":[{"embeddable":true,"href":"https:\/\/linitiative.ca\/International\/wp-json\/wp\/v2\/comments?post=62986"}],"version-history":[{"count":0,"href":"https:\/\/linitiative.ca\/International\/wp-json\/wp\/v2\/posts\/62986\/revisions"}],"wp:attachment":[{"href":"https:\/\/linitiative.ca\/International\/wp-json\/wp\/v2\/media?parent=62986"}],"wp:term":[{"taxonomy":"category","embeddable":true,"href":"https:\/\/linitiative.ca\/International\/wp-json\/wp\/v2\/categories?post=62986"},{"taxonomy":"post_tag","embeddable":true,"href":"https:\/\/linitiative.ca\/International\/wp-json\/wp\/v2\/tags?post=62986"}],"curies":[{"name":"wp","href":"https:\/\/api.w.org\/{rel}","templated":true}]}}