{"id":62989,"date":"2019-10-01T15:01:00","date_gmt":"2019-10-01T19:01:00","guid":{"rendered":"https:\/\/linitiative.ca\/International\/la-vache-fonciere-acte-2\/"},"modified":"2019-10-01T15:01:00","modified_gmt":"2019-10-01T19:01:00","slug":"la-vache-fonciere-acte-2","status":"publish","type":"post","link":"https:\/\/linitiative.ca\/International\/la-vache-fonciere-acte-2\/","title":{"rendered":"La vache \u2018\u2019fonci\u00e8re\u2019\u2019 , acte 2"},"content":{"rendered":"<p><br id=\"sep_para_1\" class=\"sep_para access\"\/><\/p>\n<div id=\"para_1\" class=\"para_33265288 resize\">\n<div class=\"photo shadow left\"><img decoding=\"async\" class=\"responsive c9\" src=\"https:\/\/www.reflexiondz.net\/photo\/art\/grande\/37815337-33265288.jpg?v=1569957497\" alt=\"La vache \u2018\u2019fonci\u00e8re\u2019\u2019 , acte 2\" title=\"La vache \u2018\u2019fonci\u00e8re\u2019\u2019 , acte 2\"\/><img decoding=\"async\" class=\"not-responsive\" src=\"https:\/\/www.reflexiondz.net\/photo\/art\/default\/37815337-33265288.jpg?v=1569957497\" alt=\"La vache \u2018\u2019fonci\u00e8re\u2019\u2019 , acte 2\" title=\"La vache \u2018\u2019fonci\u00e8re\u2019\u2019 , acte 2\"\/><\/div>\n<div class=\"texte access firstletter\">La chanson des menteries n&rsquo;est plus chant\u00e9e dor\u00e9navant dans la wilaya de Mostaganem ! Les responsables, qui \u00e9crivaient les paroles en mentant, et ceux qui mentent en la chantant, invit\u00e9s ou parasites, les deux qui s\u2019associaient pour nuire aux honn\u00eates et cacher la vraie fa\u00e7ade de leurs scandales, sont tomb\u00e9s dans le trou de leurs mensonges\u2026 dira Moul Firma apr\u00e8s avoir \u00e9t\u00e9 inform\u00e9 du limogeage de madame investissement ! De retour d\u2019Oran, o\u00f9 il a rendu visite \u00e0 son ami malade \u00e0 l\u2019EHU (Usto), Moul Firma \u00e0 bord de sa Mazda,\u00a0 emprunte le m\u00eame trajet pour rejoindre l&rsquo;autoroute. Sur l&rsquo;autoroute, il constate avec soulagement le peu de camions, qu\u2019il d\u00e9teste doubler. Fid\u00e8le \u00e0 ses habitudes, il s&rsquo;arr\u00eate \u00e0 la station d\u2019essence pour faire le plein. Sollicit\u00e9 par un homme, la soixantaine, \u00e0 l\u2019accent mostaganemois pour l\u2019emmener avec lui, Moul Firma, enchant\u00e9, de trouver un compagnon pour passer le temps vide, l\u2019invite \u00e0 monter. Il roule comme un automate, en attendant que son nouveau copain parle, en vain, Moul Firma se tourne vers lui le fixant d\u2019un long regard ! Une impression \u00e9trange, comme s\u2019il l\u2019a d\u00e9j\u00e0 vu, mais o\u00f9 et quand ? Moul Firma, impatient lui dit : tu ne travailles pas par hasard \u00e0 l\u2019agence fonci\u00e8re ? L\u2019Autostoppeur, lui r\u00e9pond qu\u2019il est retrait\u00e9 de cette boite et qu\u2019actuellement il travaille dans un bureau d\u2019\u00e9tude \u00e0 Oran. Moul Firma, convaincu qu\u2019il est avec un ancien chevronn\u00e9 de la vache \u2018\u2019fonci\u00e8re\u2019\u2019,\u00a0 a h\u00e2te de lui poser quelques questions. Peux-tu m\u2019expliquer, comment se faisait la distribution des terrains du temps des anciens directeurs que tu as c\u00f4toy\u00e9, une simple question, histoire de se distraire, le r\u00e9conforta Moul Firma. Son compagnon frotta la t\u00eate comme pour nettoyer son disque dur, en disant, Ah mon vieux avec toutes ces ann\u00e9es pass\u00e9es, je ne me rappelle pas grand-chose, mais, quand m\u00eame, je retiens quelques faits in\u00e9dits, dont je me souviens encore. En octobre 2009, l\u2019ancien directeur de l\u2019agence, le prot\u00e9g\u00e9 de l\u2019ancienne wali Zerhouni, avait vendu un tr\u00e8s beau terrain d\u2019une superficie de 121 m2 en plein centre-ville dans la commune de Hadjadj, \u00e0 un alg\u00e9rois, un certain Hocine pour la somme de 4,8 millions de cts \u00e0 raison de 400 dinars le m2, je me rappelle m\u00eame des r\u00e9f\u00e9rences de la facture, je crois que c\u2019est la facture enregistr\u00e9e sous le N\u00b0 1963 du 06\/10\/2009, sign\u00e9e par Mordjane\u00a0\u00a0 , le directeur de l\u2019agence fonci\u00e8re de l\u2019\u00e9poque. Il y\u2019a \u00e9galement l\u2019histoire du terrain de Ain Boudinar dont je me rappelle bien. Un terrain d\u2019investissement d\u2019une superficie de 500 m2 pr\u00e9vu dans le (POS) pour la r\u00e9alisation d\u2019un Hammam et douche, a \u00e9t\u00e9 attribu\u00e9 gr\u00e9 \u00e0 gr\u00e9 en 2013 par l\u2019\u2019ancien directeur ( Habib) \u00e0 un alg\u00e9rois, alors qu\u2019il devait \u00eatre vendu aux ench\u00e8res, selon la loi . L\u2019heureux b\u00e9n\u00e9ficiaire n\u2019a r\u00e9alis\u00e9 ni Hamam ni autre, bien que cette commune \u00e9tait dans le besoin\u2026peut-\u00eatre que le terrain a \u00e9t\u00e9 revendu contre une importante somme ! Il y\u2019a \u00e9galement le cas du gros lot de terrain N\u00b051 situ\u00e9 \u00e0 Ouled Bachir enlev\u00e9 \u00e0 son vrai propri\u00e9taire et octroy\u00e9 par l\u2019ancienne directrice de l\u2019agence en 2012 au fils de l\u2019ancien g\u00e9n\u00e9ral Menad, r\u00e9v\u00e8le l\u2019autostoppeur . Quelle bonne compagnie, acclame, Moul Frima, avant d\u2019inviter son compagnon \u00e0 la p\u00eacherie d\u2019Arzew pour continuer l\u2019histoire de la vache \u2018\u2019fonci\u00e8re\u2019\u2019 !<\/div>\n<\/div>\n<p>Auteur: R\u00e9flexion<br \/>\n<a href=\"https:\/\/www.reflexiondz.net\/La-vache-fonciere--acte-2_a57961.html\">Cliquez ici pour lire l&rsquo;article depuis sa source.<\/a><\/p>\n","protected":false},"excerpt":{"rendered":"<p>La chanson des menteries n&rsquo;est plus chant\u00e9e dor\u00e9navant dans la wilaya de Mostaganem ! Les responsables, qui \u00e9crivaient les paroles en mentant, et ceux qui mentent en la chantant, invit\u00e9s ou parasites, les deux qui s\u2019associaient pour nuire aux honn\u00eates et cacher la vraie fa\u00e7ade de leurs scandales, sont tomb\u00e9s dans le trou de leurs [&hellip;]<\/p>\n","protected":false},"author":1740,"featured_media":0,"comment_status":"closed","ping_status":"closed","sticky":false,"template":"","format":"standard","meta":{"fifu_image_url":"","fifu_image_alt":"","footnotes":""},"categories":[53,76],"tags":[],"class_list":["post-62989","post","type-post","status-publish","format-standard","hentry","category-algerie","category-regions"],"_links":{"self":[{"href":"https:\/\/linitiative.ca\/International\/wp-json\/wp\/v2\/posts\/62989","targetHints":{"allow":["GET"]}}],"collection":[{"href":"https:\/\/linitiative.ca\/International\/wp-json\/wp\/v2\/posts"}],"about":[{"href":"https:\/\/linitiative.ca\/International\/wp-json\/wp\/v2\/types\/post"}],"author":[{"embeddable":true,"href":"https:\/\/linitiative.ca\/International\/wp-json\/wp\/v2\/users\/1740"}],"replies":[{"embeddable":true,"href":"https:\/\/linitiative.ca\/International\/wp-json\/wp\/v2\/comments?post=62989"}],"version-history":[{"count":0,"href":"https:\/\/linitiative.ca\/International\/wp-json\/wp\/v2\/posts\/62989\/revisions"}],"wp:attachment":[{"href":"https:\/\/linitiative.ca\/International\/wp-json\/wp\/v2\/media?parent=62989"}],"wp:term":[{"taxonomy":"category","embeddable":true,"href":"https:\/\/linitiative.ca\/International\/wp-json\/wp\/v2\/categories?post=62989"},{"taxonomy":"post_tag","embeddable":true,"href":"https:\/\/linitiative.ca\/International\/wp-json\/wp\/v2\/tags?post=62989"}],"curies":[{"name":"wp","href":"https:\/\/api.w.org\/{rel}","templated":true}]}}