{"id":62992,"date":"2019-10-01T15:17:43","date_gmt":"2019-10-01T19:17:43","guid":{"rendered":"https:\/\/linitiative.ca\/International\/presidentielle-les-mises-en-garde-de-gaid-salah\/"},"modified":"2019-10-01T15:17:43","modified_gmt":"2019-10-01T19:17:43","slug":"presidentielle-les-mises-en-garde-de-gaid-salah","status":"publish","type":"post","link":"https:\/\/linitiative.ca\/International\/presidentielle-les-mises-en-garde-de-gaid-salah\/","title":{"rendered":"Pr\u00e9sidentielle : Les mises en garde de Ga\u00efd Salah"},"content":{"rendered":"<p><br class=\"autobr\"\/><br \/>\nC\u2019est encore la question de la pr\u00e9sidentielle de d\u00e9cembre prochain qui a \u00e9t\u00e9 au c\u0153ur d\u2019une nouvelle intervention du g\u00e9n\u00e9ral de corps d\u2019arm\u00e9e Ahmed Ga\u00efd Salah, vice-ministre de la D\u00e9fense nationale, chef d\u2019\u00e9tat-major de l\u2019Arm\u00e9e nationale populaire (ANP). Il a saisi l\u2019occasion d\u2019une r\u00e9union de travail au si\u00e8ge du Commandement de la 2e R\u00e9gion militaire \u00e0 Oran, au quatri\u00e8me jour de sa visite dans cette R\u00e9gion, pour hausser le ton contre ceux qu\u2019il appelle la bande et tous ceux qui gravitent autour d\u2019elle.<\/p>\n<p><br class=\"autobr\"\/><br \/>\nPour le chef d\u2019\u00e9tat-major de l\u2019ANP, \u00ab\u00a0il est clair aujourd\u2019hui que cette bande et tous ceux qui gravitent autour d\u2019elle et se soumettent \u00e0 ses ordres, sont des intrus et des \u00e9trangers au peuple alg\u00e9rien\u00a0\u00bb, soulignant que \u00ab\u00a0celui qui ne sert pas l\u2019int\u00e9r\u00eat de la patrie dans son sens r\u00e9el est un intrus, voire un ennemi de la patrie\u00a0\u00bb.<\/p>\n<p><br class=\"autobr\"\/><br \/>\nEn effet, a-t-il ajout\u00e9, \u00ab\u00a0ce groupe n\u2019a pas le droit de r\u00e9fl\u00e9chir, car les parties occultes, qui se tiennent derri\u00e8re lui, sont le cerveau qui r\u00e9fl\u00e9chit \u00e0 leur place et leur ordonne d\u2019ex\u00e9cuter\u00a0\u00bb, affirmant, \u00e0 ce propos, que \u00ab\u00a0nos paroles ne sont pas infond\u00e9es\u00a0; nous disposons de donn\u00e9es qui confirment l\u2019implication de ces tra\u00eetres et nous prendrons sans nul doute toutes les mesures n\u00e9cessaires contre ce groupe en temps opportun et au nom de la loi\u00a0\u00bb.<\/p>\n<p><br class=\"autobr\"\/><br \/>\nAvec fermet\u00e9 et sans ambigu\u00eft\u00e9, le vice-ministre de la D\u00e9fense dira\u00a0:\u00a0\u00bbAucune tol\u00e9rance n\u2019est permise envers ce groupe qui s\u2019est habitu\u00e9 \u00e0 imposer sa volont\u00e9 inique sur la majorit\u00e9. Cette \u00e8re d\u2019iniquit\u00e9 est r\u00e9volue \u00e0 tout jamais\u00a0\u00bb.<\/p>\n<p><br class=\"autobr\"\/><br \/>\nLe g\u00e9n\u00e9ral de corps d\u2019arm\u00e9e a fait savoir qu\u2019\u00a0\u00bbaujourd\u2019hui, la parole est au peuple alg\u00e9rien qui saura comment construire l\u2019Etat de droit o\u00f9 nul n\u2019est souverain que la loi\u00a0\u00bb.<\/p>\n<p><br class=\"autobr\"\/><br \/>\nIl a mis en garde que \u00ab\u00a0quiconque tenterait d\u2019entraver ce processus nuirait \u00e0 sa propre personne. Les hommes int\u00e8gres de l\u2019Alg\u00e9rie n\u2019accepteront plus d\u00e9sormais que les ennemis de la patrie interf\u00e8rent dans le destin de la nation\u00a0\u00bb.<\/p>\n<p><br class=\"autobr\"\/><br \/>\nIl a rappel\u00e9, dans le m\u00eame contexte, que \u00ab\u00a0le peuple alg\u00e9rien a \u00e9norm\u00e9ment souffert durant l\u2019\u00e8re coloniale, et ne revivra jamais, quelles que soient les circonstances, d\u2019autres moments de souffrance. Telles sont les attentes l\u00e9gitimes que les hommes fid\u00e8les, nobles et loyaux envers Allah et la patrie veilleront \u00e0 concr\u00e9tiser sur le terrain\u00a0\u00bb, a-t-il dit.<\/p>\n<p><br class=\"autobr\"\/><br \/>\n\u00ab\u00a0Ils parlent et agissent sans tergiversation, \u00e0 l\u2019image de ceux qui pr\u00e9tendent \u00eatre cultiv\u00e9s et conna\u00eetre la loi, mais agissent en totale contradiction avec la loi et compl\u00e8tement loin de ce qui est juste, \u00e0 travers des d\u00e9clarations tendancieuses, omettant que l\u2019unique crit\u00e8re pour juger des actes et des paroles est le peuple alg\u00e9rien. Aussi, que celui qui veut mesurer sa vraie valeur se porte candidat, sinon tout le reste n\u2019est qu\u2019ineptie et sans aucune valeur\u00a0\u00bb, a fait savoir le g\u00e9n\u00e9ral de corps d\u2019arm\u00e9e.<\/p>\n<p>Auteur: Boudjedri<br \/>\n<a href=\"http:\/\/www.jeune-independant.net\/Presidentielle-Les-mises-en-garde.html\">Cliquez ici pour lire l&rsquo;article depuis sa source.<\/a><\/p>\n","protected":false},"excerpt":{"rendered":"<p>C\u2019est encore la question de la pr\u00e9sidentielle de d\u00e9cembre prochain qui a \u00e9t\u00e9 au c\u0153ur d\u2019une nouvelle intervention du g\u00e9n\u00e9ral de corps d\u2019arm\u00e9e Ahmed Ga\u00efd Salah, vice-ministre de la D\u00e9fense nationale, chef d\u2019\u00e9tat-major de l\u2019Arm\u00e9e nationale populaire (ANP). Il a saisi l\u2019occasion d\u2019une r\u00e9union de travail au si\u00e8ge du Commandement de la 2e R\u00e9gion militaire [&hellip;]<\/p>\n","protected":false},"author":1737,"featured_media":0,"comment_status":"closed","ping_status":"closed","sticky":false,"template":"","format":"standard","meta":{"fifu_image_url":"","fifu_image_alt":"","footnotes":""},"categories":[73,53],"tags":[],"class_list":["post-62992","post","type-post","status-publish","format-standard","hentry","category-actualite","category-algerie"],"_links":{"self":[{"href":"https:\/\/linitiative.ca\/International\/wp-json\/wp\/v2\/posts\/62992","targetHints":{"allow":["GET"]}}],"collection":[{"href":"https:\/\/linitiative.ca\/International\/wp-json\/wp\/v2\/posts"}],"about":[{"href":"https:\/\/linitiative.ca\/International\/wp-json\/wp\/v2\/types\/post"}],"author":[{"embeddable":true,"href":"https:\/\/linitiative.ca\/International\/wp-json\/wp\/v2\/users\/1737"}],"replies":[{"embeddable":true,"href":"https:\/\/linitiative.ca\/International\/wp-json\/wp\/v2\/comments?post=62992"}],"version-history":[{"count":0,"href":"https:\/\/linitiative.ca\/International\/wp-json\/wp\/v2\/posts\/62992\/revisions"}],"wp:attachment":[{"href":"https:\/\/linitiative.ca\/International\/wp-json\/wp\/v2\/media?parent=62992"}],"wp:term":[{"taxonomy":"category","embeddable":true,"href":"https:\/\/linitiative.ca\/International\/wp-json\/wp\/v2\/categories?post=62992"},{"taxonomy":"post_tag","embeddable":true,"href":"https:\/\/linitiative.ca\/International\/wp-json\/wp\/v2\/tags?post=62992"}],"curies":[{"name":"wp","href":"https:\/\/api.w.org\/{rel}","templated":true}]}}