{"id":62994,"date":"2019-10-01T15:36:25","date_gmt":"2019-10-01T19:36:25","guid":{"rendered":"https:\/\/linitiative.ca\/International\/lautorite-officiellement-chargee-de-la-presidentielle\/"},"modified":"2019-10-01T15:36:25","modified_gmt":"2019-10-01T19:36:25","slug":"lautorite-officiellement-chargee-de-la-presidentielle","status":"publish","type":"post","link":"https:\/\/linitiative.ca\/International\/lautorite-officiellement-chargee-de-la-presidentielle\/","title":{"rendered":"L&rsquo;Autorit\u00e9 officiellement charg\u00e9e de la pr\u00e9sidentielle"},"content":{"rendered":"<p><strong>Voil\u00e0, c\u2019est fait. Le Premier ministre Nouredine Bedoui, vient de r\u00e9pondre aux nombreuses interrogations quant aux modalit\u00e9s techniques, aux moyens humains et mat\u00e9riels \u00e0 mettre en \u0153uvre et \u00e0 d\u00e9l\u00e9guer \u00e0 l\u2019Autorit\u00e9 nationale ind\u00e9pendante des \u00e9lections (ANIE), charg\u00e9e de l\u2019organisation le 12 d\u00e9cembre prochain d\u2019\u00e9lection pr\u00e9sidentielle.<\/strong><\/p>\n<p>Dans une note adress\u00e9e lundi aux membres du gouvernement, au commandant de la Gendarmerie nationale, au directeur g\u00e9n\u00e9ral de la S\u00fbret\u00e9 nationale, aux walis et walis d\u00e9l\u00e9gu\u00e9s et aux pr\u00e9sidents d\u2019APC, M.\u00a0Bedoui a mis l\u2019accent sur la n\u00e9cessit\u00e9 de \u00ab\u00a0veiller, chacun en ce qui le concerne, \u00e0 r\u00e9pondre d\u2019une mani\u00e8re diligente \u00e0 toutes les sollicitations \u00e9manant de l\u2019ANIE\u00a0\u00bb.<\/p>\n<p>Il a appel\u00e9, \u00e0 ce propos, \u00e0 veiller \u00e0 la mise \u00e0 la disposition de l\u2019ANIE de \u00ab\u00a0l\u2019ensemble des moyens humains et mat\u00e9riels que commande une organisation parfaite de cette \u00e9ch\u00e9ance \u00e9lectorale, sous tous ses aspects, dans le souci d\u2019en garantir un parfait d\u00e9roulement, dans le respect de la loi et des principes de neutralit\u00e9, de r\u00e9gularit\u00e9, de transparence et de cr\u00e9dibilit\u00e9\u00a0\u00bb.<\/p>\n<p>\u00ab\u00a0Vous \u00eates aussi charg\u00e9s, conform\u00e9ment \u00e0 la loi, de veiller \u00e0 fournir \u00e0 cette autorit\u00e9 ind\u00e9pendante toute information ou documentation qu\u2019elle juge n\u00e9cessaire pour la concr\u00e9tisation de ses missions\u00a0\u00bb, a soulign\u00e9 le Premier ministre.<\/p>\n<p>\u00ab\u00a0Vous \u00eates \u00e9galement interpell\u00e9s pour placer, en t\u00eate de vos priorit\u00e9s, votre responsabilit\u00e9 qui demeure pleinement engag\u00e9e, pour mettre en \u00e9chec tout acte susceptible d\u2019entacher la neutralit\u00e9 ou de compromettre la cr\u00e9dibilit\u00e9 de ce scrutin, notamment l\u2019utilisation prohib\u00e9e par la loi des biens et des moyens publics au profit d\u2019un parti ou d\u2019un candidat donn\u00e9 ou tout autre comportement de nature \u00e0 entacher la r\u00e9gularit\u00e9 de ce scrutin, qui devra r\u00e9pondre \u00e0 toutes les exigences d\u2019impartialit\u00e9, de r\u00e9gularit\u00e9 et de transparence\u00a0\u00bb, a-t-il ajout\u00e9.<\/p>\n<p>A cet effet, le ministre des Affaires \u00e9trang\u00e8res est charg\u00e9 de prendre, en concertation avec l\u2019ANIE, \u00ab\u00a0toutes les mesures requises, en mati\u00e8re de pr\u00e9paration et de d\u00e9roulement des<\/p>\n<p>op\u00e9rations de vote de notre communaut\u00e9 \u00e9tablie \u00e0 l\u2019\u00e9tranger\u00a0\u00bb.<\/p>\n<p>Pour sa part, le ministre de l\u2019Int\u00e9rieur, des Collectivit\u00e9s locales et de l\u2019Am\u00e9nagement du territoire est charg\u00e9, notamment, de veiller, en relation avec les walis, \u00e0 ce que \u00ab\u00a0les services des \u00e9lections au niveau des communes et des wilayas soient mis \u00e0 la disposition de l\u2019Autorit\u00e9 ind\u00e9pendante pour la pr\u00e9paration, l\u2019organisation et le d\u00e9roulement de l\u2019\u00e9lection, qui auront \u00e0 travailler dans ce cadre sous son enti\u00e8re responsabilit\u00e9\u00a0\u00bb.<\/p>\n<p>Il s\u2019agit, \u00e9galement, de mettre \u00e0 la disposition de l\u2019Autorit\u00e9 \u00ab\u00a0les moyens de transmission et de t\u00e9l\u00e9communication, relevant de la Direction g\u00e9n\u00e9rale des transmissions nationales, n\u00e9cessaires au bon d\u00e9roulement des op\u00e9rations \u00e9lectorales\u00a0\u00bb.<\/p>\n<p>Le ministre de la Justice, garde des Sceaux, est, quant \u00e0 lui, \u00ab\u00a0invit\u00e9 \u00e0 prendre les mesures permettant la mise en \u0153uvre des dispositions pr\u00e9vues par la loi organique n\u00b0\u00a019-07 du 14 septembre 2019 relative \u00e0 l\u2019ANIE, notamment son article 17, ainsi que celles de la loi organique n\u00b0\u00a016-10 du 25 ao\u00fbt relative au r\u00e9gime \u00e9lectoral, modifi\u00e9e et compl\u00e9t\u00e9e\u00a0\u00bb.<\/p>\n<p>Quant au ministre des Finances, il \u00ab\u00a0doit veiller \u00e0 la mobilisation des cr\u00e9dits n\u00e9cessaires et suffisants pour assurer le bon fonctionnement de l\u2019Autorit\u00e9 ind\u00e9pendante, tout en proc\u00e9dant, dans les plus brefs d\u00e9lais, au transfert \u00e0 son indicatif du budget d\u00e9di\u00e9 \u00e0 l\u2019\u00e9lection\u00a0\u00bb.<\/p>\n<p>La ministre de la Poste, des T\u00e9l\u00e9communications, des Technologies et du Num\u00e9rique est charg\u00e9e d\u2019\u00ab\u00a0instruire les organismes sous tutelle de son secteur \u00e0 l\u2019effet de satisfaire toutes les demandes \u00e9manant de l\u2019Autorit\u00e9 ind\u00e9pendante, en relation avec les op\u00e9rations \u00e9lectorales\u00a0\u00bb.<\/p>\n<p>Le ministre de la Communication est charg\u00e9 d\u2019\u00ab\u00a0assurer et de faciliter \u00e0 l\u2019Autorit\u00e9 ind\u00e9pendante l\u2019acc\u00e8s aux diff\u00e9rents m\u00e9dias publics et de mettre \u00e0 contribution, au profit de cette Autorit\u00e9, les moyens des entreprises et \u00e9tablissements publics relevant de son secteur\u00a0\u00bb.<\/p>\n<p>En outre, les membres du gouvernement \u00ab\u00a0sont instruits \u00e0 l\u2019effet d\u2019ex\u00e9cuter toute r\u00e9quisition \u00e9manant de cette Autorit\u00e9 et \u00e0 r\u00e9pondre promptement \u00e0 toute notification et observation sur d\u2019\u00e9ventuels dysfonctionnements ou manquements enregistr\u00e9s, relevant de vos comp\u00e9tences, en vue d\u2019y rem\u00e9dier avec c\u00e9l\u00e9rit\u00e9\u00a0\u00bb, a<\/p>\n<p>pr\u00e9cis\u00e9 le Premier ministre dans son instruction.<\/p>\n<p>Par ailleurs, le ministre de l\u2019Int\u00e9rieur, des Collectivit\u00e9s locales et de l\u2019Am\u00e9nagement du territoire \u00ab\u00a0est charg\u00e9, en relation avec les responsables des services de s\u00e9curit\u00e9 concern\u00e9s \u00e0 l\u2019effet, d\u2019assurer un dispositif statique de s\u00e9curisation des si\u00e8ges de l\u2019Autorit\u00e9 ind\u00e9pendante et de ses d\u00e9membrements locaux d\u2019une part, et de r\u00e9pondre \u00e0 toute demande \u00e9manant de cette autorit\u00e9, notamment dans le cadre de la s\u00e9curisation de l\u2019acheminement des diff\u00e9rents documents et mat\u00e9riels \u00e9lectoraux, tel que pr\u00e9vu par l\u2019article 09 de la loi organique n\u00b0\u00a019-07\u00a0\u00bb.<\/p>\n<p>\u00ab\u00a0Un dispositif sp\u00e9cial de s\u00e9curisation et de pr\u00e9vention devra \u00eatre mis en place en concertation et en coordination avec l\u2019ANIE, \u00e0 l\u2019occasion de ce scrutin, notamment au niveau des centres et bureaux de vote\u00a0\u00bb.<\/p>\n<p>Aussi, les services de s\u00e9curit\u00e9 concern\u00e9s sont \u00e9galement \u00ab\u00a0invit\u00e9s \u00e0 r\u00e9pondre avec diligence, et conform\u00e9ment \u00e0 la loi, aux r\u00e9quisitions de la force publique prises par le pr\u00e9sident de l\u2019ANIE\u00a0\u00bb.<\/p>\n<p>Le gouvernement et les institutions publiques \u00ab\u00a0doivent rester mobilis\u00e9s et \u00e0 l\u2019\u00e9coute de toute sollicitation exprim\u00e9e par cette Autorit\u00e9 ind\u00e9pendante pour la prise en charge de toute mesure additionnelle requise, qui sera n\u00e9cessaire \u00e0 la r\u00e9ussite de la prochaine \u00e9ch\u00e9ance \u00e9lectorale\u00a0\u00bb.<\/p>\n<p>Auteur: Boudjedri<br \/>\n<a href=\"http:\/\/www.jeune-independant.net\/L-Autorite-officiellement-chargee.html\">Cliquez ici pour lire l&rsquo;article depuis sa source.<\/a><\/p>\n","protected":false},"excerpt":{"rendered":"<p>Voil\u00e0, c\u2019est fait. Le Premier ministre Nouredine Bedoui, vient de r\u00e9pondre aux nombreuses interrogations quant aux modalit\u00e9s techniques, aux moyens humains et mat\u00e9riels \u00e0 mettre en \u0153uvre et \u00e0 d\u00e9l\u00e9guer \u00e0 l\u2019Autorit\u00e9 nationale ind\u00e9pendante des \u00e9lections (ANIE), charg\u00e9e de l\u2019organisation le 12 d\u00e9cembre prochain d\u2019\u00e9lection pr\u00e9sidentielle. Dans une note adress\u00e9e lundi aux membres du gouvernement, [&hellip;]<\/p>\n","protected":false},"author":1737,"featured_media":0,"comment_status":"closed","ping_status":"closed","sticky":false,"template":"","format":"standard","meta":{"fifu_image_url":"","fifu_image_alt":"","footnotes":""},"categories":[73,53],"tags":[],"class_list":["post-62994","post","type-post","status-publish","format-standard","hentry","category-actualite","category-algerie"],"_links":{"self":[{"href":"https:\/\/linitiative.ca\/International\/wp-json\/wp\/v2\/posts\/62994","targetHints":{"allow":["GET"]}}],"collection":[{"href":"https:\/\/linitiative.ca\/International\/wp-json\/wp\/v2\/posts"}],"about":[{"href":"https:\/\/linitiative.ca\/International\/wp-json\/wp\/v2\/types\/post"}],"author":[{"embeddable":true,"href":"https:\/\/linitiative.ca\/International\/wp-json\/wp\/v2\/users\/1737"}],"replies":[{"embeddable":true,"href":"https:\/\/linitiative.ca\/International\/wp-json\/wp\/v2\/comments?post=62994"}],"version-history":[{"count":0,"href":"https:\/\/linitiative.ca\/International\/wp-json\/wp\/v2\/posts\/62994\/revisions"}],"wp:attachment":[{"href":"https:\/\/linitiative.ca\/International\/wp-json\/wp\/v2\/media?parent=62994"}],"wp:term":[{"taxonomy":"category","embeddable":true,"href":"https:\/\/linitiative.ca\/International\/wp-json\/wp\/v2\/categories?post=62994"},{"taxonomy":"post_tag","embeddable":true,"href":"https:\/\/linitiative.ca\/International\/wp-json\/wp\/v2\/tags?post=62994"}],"curies":[{"name":"wp","href":"https:\/\/api.w.org\/{rel}","templated":true}]}}