{"id":63002,"date":"2019-10-01T13:38:00","date_gmt":"2019-10-01T17:38:00","guid":{"rendered":"https:\/\/linitiative.ca\/International\/la-chambre-daccusation-de-la-cour-dappel-de-tunis-refuse-la-mise-en-liberte-de-nabil-karoui\/"},"modified":"2019-10-01T13:38:00","modified_gmt":"2019-10-01T17:38:00","slug":"la-chambre-daccusation-de-la-cour-dappel-de-tunis-refuse-la-mise-en-liberte-de-nabil-karoui","status":"publish","type":"post","link":"https:\/\/linitiative.ca\/International\/la-chambre-daccusation-de-la-cour-dappel-de-tunis-refuse-la-mise-en-liberte-de-nabil-karoui\/","title":{"rendered":"La Chambre d\u2019accusation de la Cour d\u2019Appel de Tunis refuse la mise en libert\u00e9 de Nabil Karoui"},"content":{"rendered":"<div readability=\"38\">\n<p class=\"MsoNormal\">La Chambre d\u2019accusation de la cour d\u2019Appel de Tunis a rejet\u00e9 ce mardi la demande de mise en libert\u00e9 du candidat au second tour de l&rsquo;\u00e9lection pr\u00e9sidentielle anticip\u00e9e, Nabil Karoui. Avec cette d\u00e9cision, on s&rsquo;achemine, en bonne logique, vers une invalidation.<\/p>\n<\/div>\n<div readability=\"10\">\n<div class=\"col-xs-2 col-sm-2 col-md-1 col-lg-1\"><img decoding=\"async\" src=\"\/images\/front\/img_commentaire.png\" alt=\"\"\/><\/div>\n<div class=\"col-xs-10 col-sm-10 col-md-11 col-lg-11\" readability=\"15\">\n<p><strong>Oulmanne<\/strong> &#8211; 01-10-2019 18:22<\/p>\n<p>C\u2019est d\u2019abord une mauvaise nouvelle pour la Tunisie. \u00ab\u00a0 Summum jus, Summa injuria\u00a0\u00bb ou comment la justice port\u00e9e \u00e0 son plus haut niveau peut \u00e9quivaloir \u00e0 l\u2019injustice la plus grande. Et n\u2019oublions pas que bien des gens, par d\u00e9cisions qu\u2019ils prennent, sont la cause de leurs propres malheurs.<\/p>\n<\/div>\n<\/div>\n<p>Auteur:<br \/>\n<a href=\"https:\/\/www.leaders.com.tn\/article\/28095-la-cla-chambre-d-accusation-de-la-cour-d-appel-de-tunis-a-refuse-la-mise-en-liberte-de-nabil-karoui\">Cliquez ici pour lire l&rsquo;article depuis sa source.<\/a><\/p>\n","protected":false},"excerpt":{"rendered":"<p>La Chambre d\u2019accusation de la cour d\u2019Appel de Tunis a rejet\u00e9 ce mardi la demande de mise en libert\u00e9 du candidat au second tour de l&rsquo;\u00e9lection pr\u00e9sidentielle anticip\u00e9e, Nabil Karoui. Avec cette d\u00e9cision, on s&rsquo;achemine, en bonne logique, vers une invalidation. Oulmanne &#8211; 01-10-2019 18:22 C\u2019est d\u2019abord une mauvaise nouvelle pour la Tunisie. \u00ab\u00a0 Summum [&hellip;]<\/p>\n","protected":false},"author":1772,"featured_media":63003,"comment_status":"closed","ping_status":"closed","sticky":false,"template":"","format":"standard","meta":{"fifu_image_url":"","fifu_image_alt":"","footnotes":""},"categories":[73,55],"tags":[],"class_list":["post-63002","post","type-post","status-publish","format-standard","has-post-thumbnail","hentry","category-actualite","category-tunisie"],"_links":{"self":[{"href":"https:\/\/linitiative.ca\/International\/wp-json\/wp\/v2\/posts\/63002","targetHints":{"allow":["GET"]}}],"collection":[{"href":"https:\/\/linitiative.ca\/International\/wp-json\/wp\/v2\/posts"}],"about":[{"href":"https:\/\/linitiative.ca\/International\/wp-json\/wp\/v2\/types\/post"}],"author":[{"embeddable":true,"href":"https:\/\/linitiative.ca\/International\/wp-json\/wp\/v2\/users\/1772"}],"replies":[{"embeddable":true,"href":"https:\/\/linitiative.ca\/International\/wp-json\/wp\/v2\/comments?post=63002"}],"version-history":[{"count":0,"href":"https:\/\/linitiative.ca\/International\/wp-json\/wp\/v2\/posts\/63002\/revisions"}],"wp:featuredmedia":[{"embeddable":true,"href":"https:\/\/linitiative.ca\/International\/wp-json\/"}],"wp:attachment":[{"href":"https:\/\/linitiative.ca\/International\/wp-json\/wp\/v2\/media?parent=63002"}],"wp:term":[{"taxonomy":"category","embeddable":true,"href":"https:\/\/linitiative.ca\/International\/wp-json\/wp\/v2\/categories?post=63002"},{"taxonomy":"post_tag","embeddable":true,"href":"https:\/\/linitiative.ca\/International\/wp-json\/wp\/v2\/tags?post=63002"}],"curies":[{"name":"wp","href":"https:\/\/api.w.org\/{rel}","templated":true}]}}