{"id":63010,"date":"2019-10-01T15:28:50","date_gmt":"2019-10-01T19:28:50","guid":{"rendered":"https:\/\/linitiative.ca\/International\/bcp-lacquisition-de-la-banque-internationale-du-cameroun-finalisee\/"},"modified":"2019-10-01T15:28:50","modified_gmt":"2019-10-01T19:28:50","slug":"bcp-lacquisition-de-la-banque-internationale-du-cameroun-finalisee","status":"publish","type":"post","link":"https:\/\/linitiative.ca\/International\/bcp-lacquisition-de-la-banque-internationale-du-cameroun-finalisee\/","title":{"rendered":"BCP : L\u2019acquisition de la banque internationale du Cameroun finalis\u00e9e"},"content":{"rendered":"<p><strong>Le groupe marocain Banque Centrale Populaire (BCP) a finalis\u00e9,\u00a0ce mardi 1er octobre, l\u2019acquisition de 68,5% du capital de la Banque Internationale du Cameroun pour l\u2019\u00c9pargne et le Cr\u00e9dit (BICEC) aupr\u00e8s du groupe fran\u00e7ais Banque Populaire Caisse d\u2019\u00c9pargne (BPCE), apr\u00e8s avoir obtenu l\u2019ensemble des autorisations r\u00e9glementaires.<\/strong><\/p>\n<div class=\"c10\"\/>\n<p>Une c\u00e9r\u00e9monie officielle a \u00e9t\u00e9 organis\u00e9e au si\u00e8ge de la BICEC \u00e0 Douala-Bonanjo, en pr\u00e9sence de Kamal Mokdad, directeur g\u00e9n\u00e9ral de la BCP et de l\u2019International, de Jean-Baptiste Bokam, pr\u00e9sident du Conseil d\u2019Administration, et de Rochdi Sanhaji, nouveau directeur g\u00e9n\u00e9ral de la BICEC.<\/p>\n<p>Cette acquisition strat\u00e9gique permet au groupe <strong>BCP<\/strong> de d\u00e9ployer au Cameroun son mod\u00e8le unique de Banque panafricaine, solidaire et \u00e0 fort ancrage local, tout en \u00e9tendant son empreinte g\u00e9ographique \u00e0 la zone CEMAC. \u00ab\u00a0En rejoignant le groupe Banque Centrale Populaire, la <strong>BICEC<\/strong> b\u00e9n\u00e9ficiera des meilleures pratiques bancaires, d\u2019innovations et d\u2019expertises adapt\u00e9es au march\u00e9 africain. Avec l\u2019appui de ses nouveaux actionnaires de r\u00e9f\u00e9rence, la BCP et l\u2019\u00c9tat camerounais, la BICEC entame dor\u00e9navant une nouvelle phase de son d\u00e9veloppement, en pla\u00e7ant la satisfaction de ses clients et la promotion des talents locaux au centre de ses priorit\u00e9s\u00a0\u00bb, a d\u00e9clar\u00e9 Kamal Mokdad.<\/p>\n<p>Avec une pr\u00e9sence port\u00e9e \u00e0 29 pays dans le monde, dont 15 en Afrique, le groupe BCP est le sixi\u00e8me acteur bancaire du continent par la taille des fonds propres, et l\u2019une des toutes premi\u00e8res banques africaines en termes de total bilan. La BCP dispose d\u2019une implantation historique en Afrique de l\u2019Ouest sous la marque \u00ab <strong>Banque Atlantique<\/strong> \u00bb et en Europe via sa filiale \u00ab Chaabi Bank \u00bb. La BCP est \u00e9galement la seule institution bancaire en Afrique du Nord, de l\u2019Ouest et du Centre \u00e0 \u00eatre pr\u00e9sente dans l\u2019oc\u00e9an indien \u00e0 Maurice, \u00e0 travers sa filiale BCP Bank (Mauritius).<\/p>\n<div class=\"c17\">\n<fieldset class=\"c16\">\n<legend><strong><span class=\"c11\">Challenge<\/span><span class=\"c12\">news<\/span><\/strong><\/legend>\n<div class=\"c15\">Le meilleur de la r\u00e9daction s\u00e9lectionn\u00e9 par Challenge :<\/p>\n<\/div>\n<\/fieldset>\n<\/div>\n<p>Auteur: challenge<br \/>\n<a href=\"https:\/\/www.challenge.ma\/bcp-lacquisition-de-la-banque-internationale-du-cameroun-finalisee-118873\/\">Cliquez ici pour lire l&rsquo;article depuis sa source.<\/a><\/p>\n","protected":false},"excerpt":{"rendered":"<p>Le groupe marocain Banque Centrale Populaire (BCP) a finalis\u00e9,\u00a0ce mardi 1er octobre, l\u2019acquisition de 68,5% du capital de la Banque Internationale du Cameroun pour l\u2019\u00c9pargne et le Cr\u00e9dit (BICEC) aupr\u00e8s du groupe fran\u00e7ais Banque Populaire Caisse d\u2019\u00c9pargne (BPCE), apr\u00e8s avoir obtenu l\u2019ensemble des autorisations r\u00e9glementaires. Une c\u00e9r\u00e9monie officielle a \u00e9t\u00e9 organis\u00e9e au si\u00e8ge de la [&hellip;]<\/p>\n","protected":false},"author":1787,"featured_media":0,"comment_status":"closed","ping_status":"closed","sticky":false,"template":"","format":"standard","meta":{"fifu_image_url":"","fifu_image_alt":"","footnotes":""},"categories":[78,54],"tags":[],"class_list":["post-63010","post","type-post","status-publish","format-standard","hentry","category-economie","category-maroc"],"_links":{"self":[{"href":"https:\/\/linitiative.ca\/International\/wp-json\/wp\/v2\/posts\/63010","targetHints":{"allow":["GET"]}}],"collection":[{"href":"https:\/\/linitiative.ca\/International\/wp-json\/wp\/v2\/posts"}],"about":[{"href":"https:\/\/linitiative.ca\/International\/wp-json\/wp\/v2\/types\/post"}],"author":[{"embeddable":true,"href":"https:\/\/linitiative.ca\/International\/wp-json\/wp\/v2\/users\/1787"}],"replies":[{"embeddable":true,"href":"https:\/\/linitiative.ca\/International\/wp-json\/wp\/v2\/comments?post=63010"}],"version-history":[{"count":0,"href":"https:\/\/linitiative.ca\/International\/wp-json\/wp\/v2\/posts\/63010\/revisions"}],"wp:attachment":[{"href":"https:\/\/linitiative.ca\/International\/wp-json\/wp\/v2\/media?parent=63010"}],"wp:term":[{"taxonomy":"category","embeddable":true,"href":"https:\/\/linitiative.ca\/International\/wp-json\/wp\/v2\/categories?post=63010"},{"taxonomy":"post_tag","embeddable":true,"href":"https:\/\/linitiative.ca\/International\/wp-json\/wp\/v2\/tags?post=63010"}],"curies":[{"name":"wp","href":"https:\/\/api.w.org\/{rel}","templated":true}]}}