{"id":63011,"date":"2019-10-01T16:23:34","date_gmt":"2019-10-01T20:23:34","guid":{"rendered":"https:\/\/linitiative.ca\/International\/tunisie-enieme-refus-de-liberation-de-nabil-karoui\/"},"modified":"2019-10-01T16:23:34","modified_gmt":"2019-10-01T20:23:34","slug":"tunisie-enieme-refus-de-liberation-de-nabil-karoui","status":"publish","type":"post","link":"https:\/\/linitiative.ca\/International\/tunisie-enieme-refus-de-liberation-de-nabil-karoui\/","title":{"rendered":"Tunisie \u2013 Eni\u00e8me refus de lib\u00e9ration de Nabil Karoui"},"content":{"rendered":"<div class=\"post-cont-in left relative\">\n<div class=\"swp_social_panel swp_horizontal_panel swp_flat_fresh swp_default_full_color swp_individual_full_color swp_other_full_color scale-100 scale-\" data-min-width=\"1100\" data-float-color=\"#ffffff\" data-float=\"none\" data-float-mobile=\"none\" data-transition=\"slide\">\n<div class=\"nc_tweetContainer swp_share_button total_shares total_sharesalt\"><span class=\"swp_count\">57 <span class=\"swp_label\">Partages<\/span><\/span><\/div>\n<\/div>\n<p>La chambre d\u2019accusation pr\u00e8s de la cour d\u2019appel de Tunis, a encore une fois, refus\u00e9 la lib\u00e9ration de Nabil Karoui.<\/p>\n<p>La chambre a refus\u00e9 la demande de lib\u00e9ration pr\u00e9sent\u00e9e par le collectif de d\u00e9fense de Nabil Karoui et de son fr\u00e8re, Ghazi Karoui. Les raisons du refus n\u2019ont pas encore \u00e9t\u00e9 divulgu\u00e9es par la cour, selon les avocats.<\/p>\n<div class=\"code-block code-block-1 c3\"><ins class=\"adsbygoogle c2\" data-ad-layout=\"in-article\" data-ad-format=\"fluid\" data-ad-client=\"ca-pub-2102118777505746\" data-ad-slot=\"7301775417\"\/> <\/div>\n<p><strong>Que se passe-t-il en Tunisie?<\/strong><br \/>Nous expliquons sur notre <a href=\"https:\/\/www.youtube.com\/channel\/UCRzypVq0B_yBad5eGrwBx0Q?sub_confirmation=1\" target=\"_blank\" rel=\"noopener noreferrer\">cha\u00eene YouTube<\/a> . <a href=\"https:\/\/www.youtube.com\/channel\/UCRzypVq0B_yBad5eGrwBx0Q?sub_confirmation=1\" target=\"_blank\" rel=\"noopener noreferrer\">Abonnez-vous!<\/a><\/p>\n<div class=\"mvp-org-wrap mvp-org-logo\" itemprop=\"publisher\" itemscope=\"\" itemtype=\"https:\/\/schema.org\/Organization\">\n<p><img decoding=\"async\" src=\"https:\/\/www.tunisienumerique.com\/wp-content\/uploads\/2017\/02\/logo_tunisie_numerique.png\"\/><\/p>\n<\/div>\n<div class=\"swp_social_panel swp_horizontal_panel swp_flat_fresh swp_default_full_color swp_individual_full_color swp_other_full_color scale-100 scale-\" data-min-width=\"1100\" data-float-color=\"#ffffff\" data-float=\"none\" data-float-mobile=\"none\" data-transition=\"slide\">\n<div class=\"nc_tweetContainer swp_share_button total_shares total_sharesalt\"><span class=\"swp_count\">57 <span class=\"swp_label\">Partages<\/span><\/span><\/div>\n<\/div>\n<div class=\"mvp-related-posts left relative\">\n<h4 class=\"post-header\"><span class=\"post-header\">Lire aussi<\/span><\/h4>\n<\/div>\n<\/div>\n<p>Auteur: LM<br \/>\n<a href=\"https:\/\/www.tunisienumerique.com\/tunisie-enieme-refus-de-liberation-de-nabil-karoui\/\">Cliquez ici pour lire l&rsquo;article depuis sa source.<\/a><\/p>\n","protected":false},"excerpt":{"rendered":"<p>57 Partages La chambre d\u2019accusation pr\u00e8s de la cour d\u2019appel de Tunis, a encore une fois, refus\u00e9 la lib\u00e9ration de Nabil Karoui. La chambre a refus\u00e9 la demande de lib\u00e9ration pr\u00e9sent\u00e9e par le collectif de d\u00e9fense de Nabil Karoui et de son fr\u00e8re, Ghazi Karoui. Les raisons du refus n\u2019ont pas encore \u00e9t\u00e9 divulgu\u00e9es par [&hellip;]<\/p>\n","protected":false},"author":1789,"featured_media":63012,"comment_status":"closed","ping_status":"closed","sticky":false,"template":"","format":"standard","meta":{"fifu_image_url":"","fifu_image_alt":"","footnotes":""},"categories":[73,55],"tags":[],"class_list":["post-63011","post","type-post","status-publish","format-standard","has-post-thumbnail","hentry","category-actualite","category-tunisie"],"_links":{"self":[{"href":"https:\/\/linitiative.ca\/International\/wp-json\/wp\/v2\/posts\/63011","targetHints":{"allow":["GET"]}}],"collection":[{"href":"https:\/\/linitiative.ca\/International\/wp-json\/wp\/v2\/posts"}],"about":[{"href":"https:\/\/linitiative.ca\/International\/wp-json\/wp\/v2\/types\/post"}],"author":[{"embeddable":true,"href":"https:\/\/linitiative.ca\/International\/wp-json\/wp\/v2\/users\/1789"}],"replies":[{"embeddable":true,"href":"https:\/\/linitiative.ca\/International\/wp-json\/wp\/v2\/comments?post=63011"}],"version-history":[{"count":0,"href":"https:\/\/linitiative.ca\/International\/wp-json\/wp\/v2\/posts\/63011\/revisions"}],"wp:featuredmedia":[{"embeddable":true,"href":"https:\/\/linitiative.ca\/International\/wp-json\/"}],"wp:attachment":[{"href":"https:\/\/linitiative.ca\/International\/wp-json\/wp\/v2\/media?parent=63011"}],"wp:term":[{"taxonomy":"category","embeddable":true,"href":"https:\/\/linitiative.ca\/International\/wp-json\/wp\/v2\/categories?post=63011"},{"taxonomy":"post_tag","embeddable":true,"href":"https:\/\/linitiative.ca\/International\/wp-json\/wp\/v2\/tags?post=63011"}],"curies":[{"name":"wp","href":"https:\/\/api.w.org\/{rel}","templated":true}]}}