{"id":63013,"date":"2019-10-01T16:31:16","date_gmt":"2019-10-01T20:31:16","guid":{"rendered":"https:\/\/linitiative.ca\/International\/tunisie-classement-de-laffaire-de-complot-contre-la-surete-de-letat-de-chafik-jarraya\/"},"modified":"2019-10-01T16:31:16","modified_gmt":"2019-10-01T20:31:16","slug":"tunisie-classement-de-laffaire-de-complot-contre-la-surete-de-letat-de-chafik-jarraya","status":"publish","type":"post","link":"https:\/\/linitiative.ca\/International\/tunisie-classement-de-laffaire-de-complot-contre-la-surete-de-letat-de-chafik-jarraya\/","title":{"rendered":"Tunisie \u2013 Classement de l\u2019affaire de \u00ab\u00a0complot contre la s\u00fbret\u00e9 de l\u2019Etat\u00a0\u00bb de Chafik Jarraya"},"content":{"rendered":"<div class=\"post-cont-in left relative\">\n<div class=\"swp_social_panel swp_horizontal_panel swp_flat_fresh swp_default_full_color swp_individual_full_color swp_other_full_color scale-100 scale-\" data-min-width=\"1100\" data-float-color=\"#ffffff\" data-float=\"none\" data-float-mobile=\"none\" data-transition=\"slide\">\n<div class=\"nc_tweetContainer swp_share_button total_shares total_sharesalt\"><span class=\"swp_count\">5 <span class=\"swp_label\">Partages<\/span><\/span><\/div>\n<\/div>\n<p>Faycel Jadlaoui, avocat de l\u2019homme d\u2019affaires Chafik Jarraya, actuellement emprisonn\u00e9, annonc\u00e9, ce mardi \u00e0 la presse, que l\u2019affaire du complot contre la s\u00fbret\u00e9 de l\u2019Etat dans laquelle \u00e9tait accus\u00e9 son client, vient d\u2019\u00eatre class\u00e9e d\u00e9finitivement et sans suites par le p\u00f4le judiciaire anti-terroriste.<\/p>\n<p><strong>Que se passe-t-il en Tunisie?<\/strong><br \/>Nous expliquons sur notre <a href=\"https:\/\/www.youtube.com\/channel\/UCRzypVq0B_yBad5eGrwBx0Q?sub_confirmation=1\" target=\"_blank\" rel=\"noopener noreferrer\">cha\u00eene YouTube<\/a> . <a href=\"https:\/\/www.youtube.com\/channel\/UCRzypVq0B_yBad5eGrwBx0Q?sub_confirmation=1\" target=\"_blank\" rel=\"noopener noreferrer\">Abonnez-vous!<\/a><\/p>\n<div class=\"mvp-org-wrap mvp-org-logo\" itemprop=\"publisher\" itemscope=\"\" itemtype=\"https:\/\/schema.org\/Organization\">\n<p><img decoding=\"async\" src=\"https:\/\/www.tunisienumerique.com\/wp-content\/uploads\/2017\/02\/logo_tunisie_numerique.png\"\/><\/p>\n<\/div>\n<div class=\"swp_social_panel swp_horizontal_panel swp_flat_fresh swp_default_full_color swp_individual_full_color swp_other_full_color scale-100 scale-\" data-min-width=\"1100\" data-float-color=\"#ffffff\" data-float=\"none\" data-float-mobile=\"none\" data-transition=\"slide\">\n<div class=\"nc_tweetContainer swp_share_button total_shares total_sharesalt\"><span class=\"swp_count\">5 <span class=\"swp_label\">Partages<\/span><\/span><\/div>\n<\/div>\n<div class=\"mvp-related-posts left relative\">\n<h4 class=\"post-header\"><span class=\"post-header\">Lire aussi<\/span><\/h4>\n<\/div>\n<\/div>\n<p>Auteur: LM<br \/>\n<a href=\"https:\/\/www.tunisienumerique.com\/tunisie-classement-de-laffaire-de-complot-contre-la-surete-de-letat-de-chafik-jarraya\/\">Cliquez ici pour lire l&rsquo;article depuis sa source.<\/a><\/p>\n","protected":false},"excerpt":{"rendered":"<p>5 Partages Faycel Jadlaoui, avocat de l\u2019homme d\u2019affaires Chafik Jarraya, actuellement emprisonn\u00e9, annonc\u00e9, ce mardi \u00e0 la presse, que l\u2019affaire du complot contre la s\u00fbret\u00e9 de l\u2019Etat dans laquelle \u00e9tait accus\u00e9 son client, vient d\u2019\u00eatre class\u00e9e d\u00e9finitivement et sans suites par le p\u00f4le judiciaire anti-terroriste. Que se passe-t-il en Tunisie?Nous expliquons sur notre cha\u00eene YouTube [&hellip;]<\/p>\n","protected":false},"author":1789,"featured_media":63014,"comment_status":"closed","ping_status":"closed","sticky":false,"template":"","format":"standard","meta":{"fifu_image_url":"","fifu_image_alt":"","footnotes":""},"categories":[73,55],"tags":[],"class_list":["post-63013","post","type-post","status-publish","format-standard","has-post-thumbnail","hentry","category-actualite","category-tunisie"],"_links":{"self":[{"href":"https:\/\/linitiative.ca\/International\/wp-json\/wp\/v2\/posts\/63013","targetHints":{"allow":["GET"]}}],"collection":[{"href":"https:\/\/linitiative.ca\/International\/wp-json\/wp\/v2\/posts"}],"about":[{"href":"https:\/\/linitiative.ca\/International\/wp-json\/wp\/v2\/types\/post"}],"author":[{"embeddable":true,"href":"https:\/\/linitiative.ca\/International\/wp-json\/wp\/v2\/users\/1789"}],"replies":[{"embeddable":true,"href":"https:\/\/linitiative.ca\/International\/wp-json\/wp\/v2\/comments?post=63013"}],"version-history":[{"count":0,"href":"https:\/\/linitiative.ca\/International\/wp-json\/wp\/v2\/posts\/63013\/revisions"}],"wp:featuredmedia":[{"embeddable":true,"href":"https:\/\/linitiative.ca\/International\/wp-json\/"}],"wp:attachment":[{"href":"https:\/\/linitiative.ca\/International\/wp-json\/wp\/v2\/media?parent=63013"}],"wp:term":[{"taxonomy":"category","embeddable":true,"href":"https:\/\/linitiative.ca\/International\/wp-json\/wp\/v2\/categories?post=63013"},{"taxonomy":"post_tag","embeddable":true,"href":"https:\/\/linitiative.ca\/International\/wp-json\/wp\/v2\/tags?post=63013"}],"curies":[{"name":"wp","href":"https:\/\/api.w.org\/{rel}","templated":true}]}}