{"id":63022,"date":"2019-10-01T17:14:55","date_gmt":"2019-10-01T21:14:55","guid":{"rendered":"https:\/\/linitiative.ca\/International\/rentree-scolaire-au-centre-nord-en-attendant-le-relogement-des-deplaces-internes\/"},"modified":"2019-10-01T17:14:55","modified_gmt":"2019-10-01T21:14:55","slug":"rentree-scolaire-au-centre-nord-en-attendant-le-relogement-des-deplaces-internes","status":"publish","type":"post","link":"https:\/\/linitiative.ca\/International\/rentree-scolaire-au-centre-nord-en-attendant-le-relogement-des-deplaces-internes\/","title":{"rendered":"Rentr\u00e9e scolaire au Centre-Nord: en attendant le relogement des d\u00e9plac\u00e9s internes"},"content":{"rendered":"<div class=\"td-post-featured-image\"><a href=\"https:\/\/i1.wp.com\/www.sidwaya.info\/wp-content\/uploads\/2019\/10\/ecole02.gif?fit=787%2C393&#038;ssl=1\" data-caption=\"\"><img loading=\"lazy\" decoding=\"async\" width=\"696\" height=\"348\" class=\"entry-thumb td-modal-image\" src=\"https:\/\/i1.wp.com\/www.sidwaya.info\/wp-content\/uploads\/2019\/10\/ecole02.gif?resize=696%2C348&#038;ssl=1\" alt=\"\" title=\"ecole02\"\/><\/a><\/div>\n<p><strong>A l\u2019instar des autres \u00e9tablissements d\u2019enseignement publics et priv\u00e9s du Burkina Faso, ceux des localit\u00e9s de Kaya et Barsalogho ont officiellement effectu\u00e9 leur rentr\u00e9e, le mardi 1er octobre 2019. Sidwaya a fait le tour de certaines \u00e9coles occup\u00e9es par des d\u00e9plac\u00e9es pour constater cette effectivit\u00e9.<\/strong><\/p>\n<p>Il est 7h 36mn. En ce d\u00e9but de journ\u00e9e, l\u2019enceinte des \u00e9coles primaires publiques de Kugr-Louda \u2018\u2019A\u2019\u2019 et \u2018\u2019C\u2019\u2019 dans la Circonscription d\u2019\u00e9ducation de base (CEB) de Kaya 3. Pendant que certains parents accompagnent leurs prog\u00e9nitures pour le premier jour de la rentr\u00e9e des classes, d\u2019autres d\u00e9plac\u00e9s sont assis devant les salles de classe. Le directeur de l\u2019\u00e9cole Kugr-Louda \u2018\u2019A\u2019\u2019, Paul Sibiri Sawadogo, peine \u00e0 satisfaire les demandes de places. \u00ab Nous ne pouvons pas faire de recrutement, tant que nos salles de classe ne sont pas lib\u00e9r\u00e9es par les Personnes d\u00e9plac\u00e9es internes (PDI)\u00bb, clame-t-il. Ici, toutes les douze salles de classe des deux \u00e9coles sont toujours occup\u00e9es par les PDI, depuis le 27 juillet dernier. \u00ab Depuis qu\u2019ils sont l\u00e0, nous n\u2019avons pas fait grand-chose, sauf le recrutement des \u00e9l\u00e8ves de CP1, le 9 septembre 2019. Et, nous attendons leur d\u00e9part pour faire le recrutement des autres classes \u00bb, regrette M. Sawadogo. De son avis, aucune disposition n\u2019est prise pour lib\u00e9rer les b\u00e2timents. \u00ab Jusqu\u2019\u00e0 pr\u00e9sent, aucune autorit\u00e9 ne nous a dit quelque chose. Une fois que les salles sont lib\u00e9r\u00e9es, toute la cour doit \u00eatre assainie, car l\u2019hygi\u00e8ne n\u2019est pas respect\u00e9e.\u00bb, a d\u00e9clar\u00e9 le directeur Sawadogo.<\/p>\n<p>La peur au ventre<\/p>\n<p>Selon lui, il est difficile de d\u00e9buter avant mi-octobre, en ce sens qu\u2019aucune date n\u2019est arr\u00eat\u00e9e pour la sortie des d\u00e9plac\u00e9s. De ce fait, il a exhort\u00e9 les autorit\u00e9s comp\u00e9tentes \u00e0 trouver des solutions \u2018\u2019idoines\u2019\u2019, afin de ne pas empi\u00e9ter sur le calendrier acad\u00e9mique. Karim Ou\u00e9draogo, qui a accompagn\u00e9 son enfant inscrit au CP1, est oblig\u00e9 de rebrousser chemin.<br \/>\u00ab On nous a dit de revenir lundi prochain pour la rentr\u00e9e scolaire parce que les salles sont toujours occup\u00e9es par des d\u00e9plac\u00e9s\u00bb, souligne-t-il. Quant aux d\u00e9plac\u00e9s, ils sont dans l\u2019inqui\u00e9tude. \u00ab Ils nous avaient promis de nous reloger dans d\u2019autres sites. Mais, jusqu\u2019\u00e0 pr\u00e9sent, ils n\u2019ont pas r\u00e9agi\u00bb, a confi\u00e9 Sibidi Sawadogo, ressortissant de Dibilou. A l\u2019\u00e9cole Gaoua \u2018\u2019B\u2019\u2019, c\u2019est le m\u00eame sc\u00e9nario qui se pr\u00e9sente. Ici, toutes les trois salles de classe sont occup\u00e9es par une centaine de d\u00e9plac\u00e9s. Il est 8h31mn. Les parents d\u2019\u00e9l\u00e8ves, assis sous les arbres, attendent toujours l\u2019appel. \u00ab J\u2019ai accompagn\u00e9 mes deux enfants pour la rentr\u00e9e mais jusqu\u2019\u00e0 pr\u00e9sent on nous a rien dit\u00bb, confie Adama Kiemd\u00e9. En l\u2019absence du directeur, ses collaborateurs refusent de r\u00e9pondre \u00e0 nos pr\u00e9occupations. Les d\u00e9plac\u00e9s sont d\u00e9sempar\u00e9s. \u00ab C\u2019est la peur au ventre. Nous sommes oblig\u00e9s de lib\u00e9rer les salles. Actuellement, notre seul souci est le manque de dortoirs. Alors que nous ne pouvons pas dormir dehors avec cette ins\u00e9curit\u00e9 \u00bb, a indiqu\u00e9 Tindaogo Bamogo, ressortissante de Guen-Bila. A Barsalogho, une quinzaine d\u2019\u00e9tablissements publics et priv\u00e9s sont aussi occup\u00e9s par des PDI. Selon le bourgmestre Abdoulaye Pafarnam, le gouvernement et ses partenaires sont en train d\u2019am\u00e9nager une dizaine de sites pour reloger les PDI. Il a rassur\u00e9 que la rentr\u00e9e scolaire sera effective au plus tard le 15 octobre prochain dans sa commune. \u00ab Pour les \u00e9tablissements priv\u00e9s, il est pr\u00e9vu de r\u00e9fectionner les salles de classe et les tables-bancs endommag\u00e9es \u00bb, a-t-il confirm\u00e9.<\/p>\n<p>Emil SEGDA<br \/>Segda9emil@gmail.com<\/p>\n<div class=\"td-a-rec td-a-rec-id-content_bottom td_uid_30_5d93c8cb726de_rand td_block_template_1\"><img loading=\"lazy\" decoding=\"async\" class=\"aligncenter size-full wp-image-9623\" src=\"https:\/\/www.sidwaya.info\/wp-content\/uploads\/2019\/06\/Projet-bannie%CC%80re-Orange-mobile.jpg\" alt=\"\" width=\"728\" height=\"81\"\/><\/div>\n<p>Auteur: BM. Sidwaya<br \/>\n<a href=\"https:\/\/www.sidwaya.info\/blog\/2019\/10\/01\/rentree-scolaire-au-centre-nord-en-attendant-le-relogement-des-deplaces-internes\/\">Cliquez ici pour lire l&rsquo;article depuis sa source.<\/a><\/p>\n","protected":false},"excerpt":{"rendered":"<p>A l\u2019instar des autres \u00e9tablissements d\u2019enseignement publics et priv\u00e9s du Burkina Faso, ceux des localit\u00e9s de Kaya et Barsalogho ont officiellement effectu\u00e9 leur rentr\u00e9e, le mardi 1er octobre 2019. Sidwaya a fait le tour de certaines \u00e9coles occup\u00e9es par des d\u00e9plac\u00e9es pour constater cette effectivit\u00e9. Il est 7h 36mn. En ce d\u00e9but de journ\u00e9e, l\u2019enceinte [&hellip;]<\/p>\n","protected":false},"author":1816,"featured_media":0,"comment_status":"closed","ping_status":"closed","sticky":false,"template":"","format":"standard","meta":{"fifu_image_url":"","fifu_image_alt":"","footnotes":""},"categories":[73,81],"tags":[],"class_list":["post-63022","post","type-post","status-publish","format-standard","hentry","category-actualite","category-burkina-faso"],"_links":{"self":[{"href":"https:\/\/linitiative.ca\/International\/wp-json\/wp\/v2\/posts\/63022","targetHints":{"allow":["GET"]}}],"collection":[{"href":"https:\/\/linitiative.ca\/International\/wp-json\/wp\/v2\/posts"}],"about":[{"href":"https:\/\/linitiative.ca\/International\/wp-json\/wp\/v2\/types\/post"}],"author":[{"embeddable":true,"href":"https:\/\/linitiative.ca\/International\/wp-json\/wp\/v2\/users\/1816"}],"replies":[{"embeddable":true,"href":"https:\/\/linitiative.ca\/International\/wp-json\/wp\/v2\/comments?post=63022"}],"version-history":[{"count":0,"href":"https:\/\/linitiative.ca\/International\/wp-json\/wp\/v2\/posts\/63022\/revisions"}],"wp:attachment":[{"href":"https:\/\/linitiative.ca\/International\/wp-json\/wp\/v2\/media?parent=63022"}],"wp:term":[{"taxonomy":"category","embeddable":true,"href":"https:\/\/linitiative.ca\/International\/wp-json\/wp\/v2\/categories?post=63022"},{"taxonomy":"post_tag","embeddable":true,"href":"https:\/\/linitiative.ca\/International\/wp-json\/wp\/v2\/tags?post=63022"}],"curies":[{"name":"wp","href":"https:\/\/api.w.org\/{rel}","templated":true}]}}