{"id":63023,"date":"2019-10-01T17:18:11","date_gmt":"2019-10-01T21:18:11","guid":{"rendered":"https:\/\/linitiative.ca\/International\/cote-divoire-la-cei-au-coeur-des-attentions\/"},"modified":"2019-10-01T17:18:11","modified_gmt":"2019-10-01T21:18:11","slug":"cote-divoire-la-cei-au-coeur-des-attentions","status":"publish","type":"post","link":"https:\/\/linitiative.ca\/International\/cote-divoire-la-cei-au-coeur-des-attentions\/","title":{"rendered":"C\u00f4te d\u2019Ivoire : la CEI  au c\u0153ur des attentions"},"content":{"rendered":"<div class=\"td-post-featured-image\"><a href=\"https:\/\/i1.wp.com\/www.sidwaya.info\/wp-content\/uploads\/2019\/10\/mercure02.gif?fit=395%2C147&#038;ssl=1\" data-caption=\"\"><img loading=\"lazy\" decoding=\"async\" width=\"395\" height=\"147\" class=\"entry-thumb td-modal-image\" src=\"https:\/\/i1.wp.com\/www.sidwaya.info\/wp-content\/uploads\/2019\/10\/mercure02.gif?resize=395%2C147&#038;ssl=1\" alt=\"\" title=\"mercure02\"\/><\/a><\/div>\n<p>En C\u00f4te d\u2019Ivoire, la Commission \u00e9lectorale ind\u00e9pendante (CEI) a d\u00e9sormais un nouveau pr\u00e9sident, Ibrahime Kuibiert Coulibaly. Celui-ci a \u00e9t\u00e9 port\u00e9 \u00e0 la t\u00eate de l\u2019institution \u00e0 l\u2019issue d\u2019un vote au cours duquel il a obtenu la majorit\u00e9 absolue de 9 voix sur 15 contre 6 voix pour son adversaire Yoli-Bi Kon\u00e9 Klintio Margu\u00e9rite. Le magistrat hors hi\u00e9rarchie remplace ainsi Youssouf Bakayoko qui a pass\u00e9 9 ans \u00e0 la t\u00eate de la CEI. L\u2019ancien secr\u00e9taire g\u00e9n\u00e9ral du Conseil constitutionnel fera-t-il mieux que son pr\u00e9d\u00e9cesseur ? Ce dernier, par l\u2019\u00e9vocation de son seul nom, Youssouf Bakayoko, revoie syst\u00e9matiquement \u00e0 l\u2019\u00e9lection pr\u00e9sidentielle controvers\u00e9e de 2010-2011. Un scrutin qui a plong\u00e9 le pays de F\u00e9lix Houphou\u00ebt Boigny dans une crise qui a co\u00fbt\u00e9 la vie \u00e0 plus de 3 000 \u00e2mes. Ce pass\u00e9 douloureux, les ivoiriens n\u2019en veulent plus et compte sur une CEI v\u00e9ritablement ind\u00e9pendante pour la pr\u00e9sidentielle de 2020 qui s\u2019annonce d\u00e9j\u00e0 tendue. Et c\u2019est justement l\u00e0 o\u00f9 il y a probl\u00e8me. La classe politique n\u2019arrive toujours pas \u00e0 accorder ses violons. La soci\u00e9t\u00e9 civile et l\u2019opposition r\u00e9clament une r\u00e9forme pour une \u201cCEI \u00e9quilibr\u00e9e\u201d comprenant 15 repr\u00e9sentants (cinq pour l\u2019opposition, cinq pour la mouvance pr\u00e9sidentielle et cinq pour la soci\u00e9t\u00e9 civile). Leur requ\u00eate n\u2019a pas eu un \u00e9cho favorable. En effet, la nouvelle CEI, adopt\u00e9e fin juillet, comprend 15 membres, contre 17 auparavant mais la composition est diff\u00e9rente de celle souhait\u00e9e par l\u2019opposition. Elle est compos\u00e9e d\u2019un repr\u00e9sentant du pr\u00e9sident de la R\u00e9publique, un du ministre de l\u2019Int\u00e9rieur, six de la soci\u00e9t\u00e9 civile, six des partis politiques \u00e9quitablement r\u00e9partis entre le pouvoir et l\u2019opposition et un repr\u00e9sentant du Conseil sup\u00e9rieur de la magistrature. Une organisation vivement critiqu\u00e9e par les partis politiques de l\u2019opposition, membres de la Coalition pour la d\u00e9mocratie, la r\u00e9conciliation et la paix (CDRP, plateforme port\u00e9e par Henri Konan B\u00e9di\u00e9). Estimant que la CEI r\u00e9vis\u00e9e est une copie p\u00e2le de la pr\u00e9c\u00e9dente, ils ont rompu les discussions avec le gouvernement et n\u2019ont propos\u00e9 aucun repr\u00e9sentant. Et mieux, la coalition a ouvert une bataille judiciaire en saisissant la Cour africaine des droits de l\u2019homme \u00e0 l\u2019effet de d\u00e9clarer la non-conformit\u00e9 de la C\u00f4te d\u2019Ivoire aux engagements internationaux. Cette m\u00eame cour avait rendu en 2016 un arr\u00eat jugeant l\u2019ancienne CEI d\u00e9s\u00e9quilibr\u00e9e et demandant au gouvernement de changer sa composition. En attendant le verdict dans cette affaire, les jours sont d\u00e9sormais compt\u00e9s pour la nouvelle \u00e9quipe qui doit aller au charbon. Elle peut s\u2019appuyer sur les trois membres de l\u2019opposition que sont Henriette Lajou, ancienne ministre de Laurent Gbagbo, Alain Dogou, \u00e9galement ancien ministre et Daudet Yapi-Yapo, ancien maire de Yakass\u00e9-Attobrou, consid\u00e9r\u00e9 comme un proche de Gbagbo.<br \/>L\u2019institution peut \u00e9galement compter sur son pr\u00e9sident qui a des connaissances en technologies \u00e9lectorales et qui se pr\u00e9sente comme un homme d\u2019exp\u00e9rience. Fort de ces atouts, il reste \u00e0 cette nouvelle CEI de lib\u00e9rer son g\u00e9nie, pour \u00e9viter le spectre d\u2019une seconde crise post-\u00e9lectorale qui pourrait compliquer la situation interne de la C\u00f4te d\u2019Ivoire et celle des pays voisins qui subissent d\u00e9j\u00e0 les affres de la menace terroriste.<\/p>\n<p>Abdoulaye BALBONE<\/p>\n<div class=\"td-a-rec td-a-rec-id-content_bottom td_uid_30_5d93c8d035dc5_rand td_block_template_1\"><img loading=\"lazy\" decoding=\"async\" class=\"aligncenter size-full wp-image-9623\" src=\"https:\/\/www.sidwaya.info\/wp-content\/uploads\/2019\/06\/Projet-bannie%CC%80re-Orange-mobile.jpg\" alt=\"\" width=\"728\" height=\"81\"\/><\/div>\n<p>Auteur: BM. Sidwaya<br \/>\n<a href=\"https:\/\/www.sidwaya.info\/blog\/2019\/10\/01\/cote-divoire-la-cei-au-coeur-des-attentions\/\">Cliquez ici pour lire l&rsquo;article depuis sa source.<\/a><\/p>\n","protected":false},"excerpt":{"rendered":"<p>En C\u00f4te d\u2019Ivoire, la Commission \u00e9lectorale ind\u00e9pendante (CEI) a d\u00e9sormais un nouveau pr\u00e9sident, Ibrahime Kuibiert Coulibaly. Celui-ci a \u00e9t\u00e9 port\u00e9 \u00e0 la t\u00eate de l\u2019institution \u00e0 l\u2019issue d\u2019un vote au cours duquel il a obtenu la majorit\u00e9 absolue de 9 voix sur 15 contre 6 voix pour son adversaire Yoli-Bi Kon\u00e9 Klintio Margu\u00e9rite. Le magistrat [&hellip;]<\/p>\n","protected":false},"author":1816,"featured_media":0,"comment_status":"closed","ping_status":"closed","sticky":false,"template":"","format":"standard","meta":{"fifu_image_url":"","fifu_image_alt":"","footnotes":""},"categories":[73,81],"tags":[],"class_list":["post-63023","post","type-post","status-publish","format-standard","hentry","category-actualite","category-burkina-faso"],"_links":{"self":[{"href":"https:\/\/linitiative.ca\/International\/wp-json\/wp\/v2\/posts\/63023","targetHints":{"allow":["GET"]}}],"collection":[{"href":"https:\/\/linitiative.ca\/International\/wp-json\/wp\/v2\/posts"}],"about":[{"href":"https:\/\/linitiative.ca\/International\/wp-json\/wp\/v2\/types\/post"}],"author":[{"embeddable":true,"href":"https:\/\/linitiative.ca\/International\/wp-json\/wp\/v2\/users\/1816"}],"replies":[{"embeddable":true,"href":"https:\/\/linitiative.ca\/International\/wp-json\/wp\/v2\/comments?post=63023"}],"version-history":[{"count":0,"href":"https:\/\/linitiative.ca\/International\/wp-json\/wp\/v2\/posts\/63023\/revisions"}],"wp:attachment":[{"href":"https:\/\/linitiative.ca\/International\/wp-json\/wp\/v2\/media?parent=63023"}],"wp:term":[{"taxonomy":"category","embeddable":true,"href":"https:\/\/linitiative.ca\/International\/wp-json\/wp\/v2\/categories?post=63023"},{"taxonomy":"post_tag","embeddable":true,"href":"https:\/\/linitiative.ca\/International\/wp-json\/wp\/v2\/tags?post=63023"}],"curies":[{"name":"wp","href":"https:\/\/api.w.org\/{rel}","templated":true}]}}