{"id":63024,"date":"2019-10-01T17:21:10","date_gmt":"2019-10-01T21:21:10","guid":{"rendered":"https:\/\/linitiative.ca\/International\/sa-compagne-perd-la-vie-dans-une-attaque-terroriste\/"},"modified":"2019-10-01T17:21:10","modified_gmt":"2019-10-01T21:21:10","slug":"sa-compagne-perd-la-vie-dans-une-attaque-terroriste","status":"publish","type":"post","link":"https:\/\/linitiative.ca\/International\/sa-compagne-perd-la-vie-dans-une-attaque-terroriste\/","title":{"rendered":"Sa compagne perd la vie dans une attaque terroriste"},"content":{"rendered":"<p>Kantigui a \u00e9t\u00e9 alert\u00e9 d\u2019un fait insolite \u00e0 la suite de l\u2019attaque terroriste, perp\u00e9tr\u00e9e dans la nuit du lundi 30 septembre au mardi 1er octobre 2019, contre la gendarmerie de Coalla, dans la province de la Gnagna, r\u00e9gion de l\u2019Est. Selon certaines indiscr\u00e9tions, les deux tourtereaux \u00abmontaient la garde\u00bb ensemble quand l\u2019attaque est survenue. Il est revenu \u00e0 Kantigui, que la compagne du gendarme a \u00e9t\u00e9 mortellement atteinte par les balles des assaillants, pendant que son amoureux prenait ses jambes \u00e0 son cou. Kantigui d\u00e9plore cet incident, quand bien m\u00eame il se r\u00e9jouit de la relative accalmie dans la r\u00e9gion de l\u2019Est, \u00e0 la suite de l\u2019op\u00e9ration Otapuanu. Toutefois, Kantigui appelle les forces de d\u00e9fense et de s\u00e9curit\u00e9 \u00e0 la vigilance face \u00e0 un ennemi aussi invisible qu\u2019impr\u00e9visible.<\/p>\n<p>Un handicap\u00e9 visuel, victime de discrimination ?<br \/>Kantigui a re\u00e7u un handicap\u00e9 visuel, du nom de Karim Bagagnan, qui dit avoir \u00e9t\u00e9 victime d\u2019une discrimination aux concours de recrutement sur mesures nouvelles des Instituteurs adjoints certifi\u00e9s (IAC), session de 2019. Selon l\u2019infortun\u00e9, il a d\u00e9pos\u00e9 ses dossiers et aurait re\u00e7u un r\u00e9c\u00e9piss\u00e9 pr\u00e9sent\u00e9 \u00e0 Kantigui. Mais grande a \u00e9t\u00e9 sa surprise lorsqu\u2019\u00e0 la veille, il s\u2019est rendu compte que son nom ne figurait pas sur la liste des candidats. N\u00e9anmoins le jour \u00abJ\u00bb, il se serait rendu au centre de composition, pour s\u2019entendre dire que sa candidature n\u2019a pas \u00e9t\u00e9 retenue en raison de son handicap visuel, alors qu\u2019il n\u2019a re\u00e7u aucune notification dans ce sens. Pourtant, le dipl\u00f4m\u00e9 de l\u2019\u00e9cole priv\u00e9e de formation des enseignants du primaire de l\u2019Acad\u00e9mie de Ouagadougou soutient mordicus que le communiqu\u00e9 l\u2019autorisait \u00e0 prendre part au concours. Il a m\u00eame signifi\u00e9 \u00e0 Kantigui, que des handicap\u00e9s visuels sont recrut\u00e9s depuis quelques ann\u00e9es aux concours des IAC pour dispenser le savoir dans des \u00e9coles pour d\u00e9ficients visuels. C\u2019est pourquoi, il d\u00e9nonce cette discrimination dont il a \u00e9t\u00e9 l\u2019objet et appelle les autorit\u00e9s en charge de la question \u00e0 le r\u00e9tablir dans ses droits.<\/p>\n<p>Quand la monnaie se vend<br \/>De retour d\u2019un bref s\u00e9jour dans le Sourou, Kantigui a fait une escale \u00e0 Yako o\u00f9 il a assist\u00e9 \u00e0 un ph\u00e9nom\u00e8ne qui prend de l\u2019ampleur sous nos cieux. En effet, il a \u00e9t\u00e9 le t\u00e9moin d\u2019un \u00abbusiness\u00bb qui consiste \u00e0 vendre la monnaie \u00e0 celui qui en a besoin. Par exemple, pour avoir la monnaie de 100 000 F CFA, le demandeur doit payer 1% du montant, soit 1 000 F CFA. Kantigui a \u00e9t\u00e9 par ailleurs inform\u00e9, que le ph\u00e9nom\u00e8ne a cours dans la capitale depuis belle lurette. Selon l\u2019interlocuteur de Kantigui, ce sont surtout les d\u00e9bits de boisson qui sont les grands demandeurs de monnaie. Ainsi, ceux-ci s\u2019attachent les services de jeunes qui cherchent la monnaie pour venir les servir contre int\u00e9r\u00eat. M\u00eame si \u00e0 premi\u00e8re vue, ce business ne pose aucun probl\u00e8me, Kantigui s\u2019inqui\u00e8te de ce qu\u2019il soit source d\u2019inflation et un circuit de blanchiment d\u2019argent.<\/p>\n<p>ISTIC : sortie de la premi\u00e8re cuv\u00e9e de communicateurs<br \/>Dans sa qu\u00eate de l\u2019information, Kantigui, a eu vent de la sortie prochaine de la premi\u00e8re promotion de communicateurs form\u00e9s \u00e0 l\u2019Institut des sciences et techniques de l\u2019information et de la communication (ISTIC). De ce qui est parvenu \u00e0 Kantigui, cette sortie concerne 112 admis, compos\u00e9s de 65 conseillers, journalistes, et techniciens, dont certains ont \u00e9t\u00e9 form\u00e9s en 30 mois et d\u2019autres en 24 mois. C\u2019est une premi\u00e8re pour ce creuset de la formation des professionnels des m\u00e9dias cr\u00e9\u00e9 en 1974, avec en prime une c\u00e9r\u00e9monie de sortie de promotion, pr\u00e9vue le 12 octobre prochain et qui pourrait \u00eatre parrain\u00e9e par le pr\u00e9sident de l\u2019Assembl\u00e9e nationale (PAN), Alassane Bala Sakand\u00e9.<\/p>\n<p>Kantigui<br \/>kantigui2000@gmail.com<br \/>(00226) 25 31 22 89<\/p>\n<div class=\"td-a-rec td-a-rec-id-content_bottom td_uid_30_5d93c8d36335a_rand td_block_template_1\"><img loading=\"lazy\" decoding=\"async\" class=\"aligncenter size-full wp-image-9623\" src=\"https:\/\/www.sidwaya.info\/wp-content\/uploads\/2019\/06\/Projet-bannie%CC%80re-Orange-mobile.jpg\" alt=\"\" width=\"728\" height=\"81\"\/><\/div>\n<p>Auteur: BM. Sidwaya<br \/>\n<a href=\"https:\/\/www.sidwaya.info\/blog\/2019\/10\/01\/sa-compagne-perd-la-vie-dans-une-attaque-terroriste\/\">Cliquez ici pour lire l&rsquo;article depuis sa source.<\/a><\/p>\n","protected":false},"excerpt":{"rendered":"<p>Kantigui a \u00e9t\u00e9 alert\u00e9 d\u2019un fait insolite \u00e0 la suite de l\u2019attaque terroriste, perp\u00e9tr\u00e9e dans la nuit du lundi 30 septembre au mardi 1er octobre 2019, contre la gendarmerie de Coalla, dans la province de la Gnagna, r\u00e9gion de l\u2019Est. Selon certaines indiscr\u00e9tions, les deux tourtereaux \u00abmontaient la garde\u00bb ensemble quand l\u2019attaque est survenue. Il [&hellip;]<\/p>\n","protected":false},"author":1816,"featured_media":63025,"comment_status":"closed","ping_status":"closed","sticky":false,"template":"","format":"standard","meta":{"fifu_image_url":"","fifu_image_alt":"","footnotes":""},"categories":[73,81],"tags":[],"class_list":["post-63024","post","type-post","status-publish","format-standard","has-post-thumbnail","hentry","category-actualite","category-burkina-faso"],"_links":{"self":[{"href":"https:\/\/linitiative.ca\/International\/wp-json\/wp\/v2\/posts\/63024","targetHints":{"allow":["GET"]}}],"collection":[{"href":"https:\/\/linitiative.ca\/International\/wp-json\/wp\/v2\/posts"}],"about":[{"href":"https:\/\/linitiative.ca\/International\/wp-json\/wp\/v2\/types\/post"}],"author":[{"embeddable":true,"href":"https:\/\/linitiative.ca\/International\/wp-json\/wp\/v2\/users\/1816"}],"replies":[{"embeddable":true,"href":"https:\/\/linitiative.ca\/International\/wp-json\/wp\/v2\/comments?post=63024"}],"version-history":[{"count":0,"href":"https:\/\/linitiative.ca\/International\/wp-json\/wp\/v2\/posts\/63024\/revisions"}],"wp:featuredmedia":[{"embeddable":true,"href":"https:\/\/linitiative.ca\/International\/wp-json\/"}],"wp:attachment":[{"href":"https:\/\/linitiative.ca\/International\/wp-json\/wp\/v2\/media?parent=63024"}],"wp:term":[{"taxonomy":"category","embeddable":true,"href":"https:\/\/linitiative.ca\/International\/wp-json\/wp\/v2\/categories?post=63024"},{"taxonomy":"post_tag","embeddable":true,"href":"https:\/\/linitiative.ca\/International\/wp-json\/wp\/v2\/tags?post=63024"}],"curies":[{"name":"wp","href":"https:\/\/api.w.org\/{rel}","templated":true}]}}