{"id":63026,"date":"2019-10-01T17:23:43","date_gmt":"2019-10-01T21:23:43","guid":{"rendered":"https:\/\/linitiative.ca\/International\/rentree-judiciaire-2019-lutter-contre-la-dilapidation-des-deniers-publics\/"},"modified":"2019-10-01T17:23:43","modified_gmt":"2019-10-01T21:23:43","slug":"rentree-judiciaire-2019-lutter-contre-la-dilapidation-des-deniers-publics","status":"publish","type":"post","link":"https:\/\/linitiative.ca\/International\/rentree-judiciaire-2019-lutter-contre-la-dilapidation-des-deniers-publics\/","title":{"rendered":"Rentr\u00e9e judiciaire 2019: lutter contre la dilapidation  des deniers publics"},"content":{"rendered":"<div class=\"td-post-featured-image\"><a href=\"https:\/\/i1.wp.com\/www.sidwaya.info\/wp-content\/uploads\/2019\/10\/justice02.gif?fit=787%2C525&#038;ssl=1\" data-caption=\"\"><img loading=\"lazy\" decoding=\"async\" width=\"696\" height=\"464\" class=\"entry-thumb td-modal-image\" src=\"https:\/\/i1.wp.com\/www.sidwaya.info\/wp-content\/uploads\/2019\/10\/justice02.gif?resize=696%2C464&#038;ssl=1\" alt=\"\" title=\"justice02\"\/><\/a><\/div>\n<p><strong>Le Conseil sup\u00e9rieur de la magistrature a effectu\u00e9 sa rentr\u00e9e judiciaire, le mardi 1er octobre 2019 \u00e0 Ouagadougou, en pr\u00e9sence du pr\u00e9sident du Faso, Roch Marc Christian, garant de l\u2019ind\u00e9pendance de la justice.<\/strong><\/p>\n<p>Apr\u00e8s trois mois de vacances, les cours et tribunaux renouent avec leurs activit\u00e9s. L\u2019audience solennelle marquant cette reprise s\u2019est tenue, le mardi 1er octobre 2019 dans la salle des banquets de Ouaga 2000, sous le th\u00e8me : \u00ab Le contr\u00f4le interne et externe des finances publiques au Burkina Faso : quelles contributions pour la Cour des comptes ? \u00bb A l\u2019occasion, l\u2019assistance a eu droit \u00e0 la pr\u00e9sentation du rapport sur ledit th\u00e8me faite par Kouthon Neri Philippe Nion, conseiller \u00e0 la Cour des Comptes. D\u2019entr\u00e9e de jeu, le communicateur a indiqu\u00e9 que dans le domaine des finances publiques, le contr\u00f4le est un processus visant \u00e0 obtenir et \u00e9valuer des \u00e9l\u00e9ments probants de fa\u00e7on objective, afin de d\u00e9terminer si les informations et les conditions r\u00e9elles remplissent des crit\u00e8res donn\u00e9s. Pour accomplir cette mission, les op\u00e9rations effectu\u00e9es dans le cadre de l\u2019ex\u00e9cution du budget de l\u2019Etat sont soumises \u00e0 un triple contr\u00f4le, \u00e0 savoir administratif, juridictionnel et parlementaire. Concernant le contr\u00f4le juridictionnel, la Cour des comptes, selon l\u2019intervenant, fait face \u00e0 des difficult\u00e9s qui plombent son action au sein des administrations publiques. Ces probl\u00e8mes sont en rapport avec les ressources financi\u00e8res, le personnel et l\u2019exercice du contr\u00f4le. Sur le premier point, la Cour des comptes ne dispose pas de ressources financi\u00e8res suffisantes. \u00ab La Cour est confront\u00e9e \u00e0 de s\u00e9rieuses difficult\u00e9s financi\u00e8res qui limitent ses actions ; elle ne dispose pas de budget destin\u00e9 aux missions de contr\u00f4le \u00bb, a pr\u00e9cis\u00e9 M. Nion. Aussi, a-t-il poursuivi, le budget de la Cour est arbitr\u00e9 par le minist\u00e8re en charge de l\u2019Economie et des Finances dont elle contr\u00f4le les op\u00e9rations et juge les comptes et \u00e9critures. Toute chose qui est contraire aux dispositions de la d\u00e9claration de Lima qui pr\u00e9voit que les Institutions sup\u00e9rieures de contr\u00f4le doivent \u00eatre ind\u00e9pendantes des services contr\u00f4l\u00e9s afin d\u2019accomplir leurs t\u00e2ches de mani\u00e8re objective et efficace. S\u2019agissant du personnel, le conseiller a r\u00e9v\u00e9l\u00e9 que leur nombre limit\u00e9 ne permet \u00e0 pas \u00e0 la juridiction de contr\u00f4le d\u2019\u00eatre op\u00e9rationnelle \u00e0 tous les niveaux. Pour ce faire, M. Nion dans son rapport a recommand\u00e9 une r\u00e9forme de la Cour \u00e0 court terme en vue de lui permettre de se conformer aux standards internationaux de contr\u00f4le. Pour sa part, le premier pr\u00e9sident de la Cour des Comptes, Jean Emile Somda, est all\u00e9 dans le m\u00eame sens. \u00ab Notre Cour des comptes aujourd\u2019hui n\u2019est plus en phase avec les exigences du moment notamment le contr\u00f4le du budget programme adopt\u00e9 par le gouvernement comme outil de gestion \u00bb, a-t-il d\u00e9clar\u00e9. En outre, il est urgent de revoir son statut, \u00e0 savoir lui donner une autonomie de gestion devant lui rendre plus dynamique et efficace dans ses interventions. Le pr\u00e9sident du Faso, Roch Marc Christian Kabor\u00e9, garant de l\u2019ind\u00e9pendance du pouvoir judiciaire, a salu\u00e9 la tenue de cette rentr\u00e9e et l\u2019importance du th\u00e8me de la r\u00e9flexion. \u00ab Le th\u00e8me est d\u2019une pertinence av\u00e9r\u00e9e et les analyses qui ont \u00e9t\u00e9 faites ont montr\u00e9 \u00e9galement des faiblesses \u00e0 divers niveaux. Nous avons \u00e9cout\u00e9 avec beaucoup d\u2019attention les pr\u00e9occupations soulev\u00e9s par la Cour et les recommandations formul\u00e9es pour un contr\u00f4le de qualit\u00e9 dans la gestion des deniers publics \u00bb, a dit le chef de l\u2019Etat. Il a ajout\u00e9 : \u00ab Nos ressources sont limit\u00e9es mais n\u00e9anmoins nous allons examiner les propositions et faire des efforts, de sorte que nous puissions augmenter progressivement le budget de la Cour \u00bb.<\/p>\n<p>Beyon Romain NEBIE<br \/>nbeyonromain@yahoo.fr<\/p>\n<div class=\"td-a-rec td-a-rec-id-content_bottom td_uid_30_5d93c8d7a9d41_rand td_block_template_1\"><img loading=\"lazy\" decoding=\"async\" class=\"aligncenter size-full wp-image-9623\" src=\"https:\/\/www.sidwaya.info\/wp-content\/uploads\/2019\/06\/Projet-bannie%CC%80re-Orange-mobile.jpg\" alt=\"\" width=\"728\" height=\"81\"\/><\/div>\n<p>Auteur: BM. Sidwaya<br \/>\n<a href=\"https:\/\/www.sidwaya.info\/blog\/2019\/10\/01\/rentree-judiciaire-2019-lutter-contre-la-dilapidation-des-deniers-publics\/\">Cliquez ici pour lire l&rsquo;article depuis sa source.<\/a><\/p>\n","protected":false},"excerpt":{"rendered":"<p>Le Conseil sup\u00e9rieur de la magistrature a effectu\u00e9 sa rentr\u00e9e judiciaire, le mardi 1er octobre 2019 \u00e0 Ouagadougou, en pr\u00e9sence du pr\u00e9sident du Faso, Roch Marc Christian, garant de l\u2019ind\u00e9pendance de la justice. Apr\u00e8s trois mois de vacances, les cours et tribunaux renouent avec leurs activit\u00e9s. L\u2019audience solennelle marquant cette reprise s\u2019est tenue, le mardi [&hellip;]<\/p>\n","protected":false},"author":1816,"featured_media":0,"comment_status":"closed","ping_status":"closed","sticky":false,"template":"","format":"standard","meta":{"fifu_image_url":"","fifu_image_alt":"","footnotes":""},"categories":[73,81],"tags":[],"class_list":["post-63026","post","type-post","status-publish","format-standard","hentry","category-actualite","category-burkina-faso"],"_links":{"self":[{"href":"https:\/\/linitiative.ca\/International\/wp-json\/wp\/v2\/posts\/63026","targetHints":{"allow":["GET"]}}],"collection":[{"href":"https:\/\/linitiative.ca\/International\/wp-json\/wp\/v2\/posts"}],"about":[{"href":"https:\/\/linitiative.ca\/International\/wp-json\/wp\/v2\/types\/post"}],"author":[{"embeddable":true,"href":"https:\/\/linitiative.ca\/International\/wp-json\/wp\/v2\/users\/1816"}],"replies":[{"embeddable":true,"href":"https:\/\/linitiative.ca\/International\/wp-json\/wp\/v2\/comments?post=63026"}],"version-history":[{"count":0,"href":"https:\/\/linitiative.ca\/International\/wp-json\/wp\/v2\/posts\/63026\/revisions"}],"wp:attachment":[{"href":"https:\/\/linitiative.ca\/International\/wp-json\/wp\/v2\/media?parent=63026"}],"wp:term":[{"taxonomy":"category","embeddable":true,"href":"https:\/\/linitiative.ca\/International\/wp-json\/wp\/v2\/categories?post=63026"},{"taxonomy":"post_tag","embeddable":true,"href":"https:\/\/linitiative.ca\/International\/wp-json\/wp\/v2\/tags?post=63026"}],"curies":[{"name":"wp","href":"https:\/\/api.w.org\/{rel}","templated":true}]}}