{"id":63027,"date":"2019-10-01T14:18:03","date_gmt":"2019-10-01T18:18:03","guid":{"rendered":"https:\/\/linitiative.ca\/International\/la-4e-edition-des-sotigui-awards-prevue-le-30-novembre-a-ouagadougou\/"},"modified":"2019-10-01T14:18:03","modified_gmt":"2019-10-01T18:18:03","slug":"la-4e-edition-des-sotigui-awards-prevue-le-30-novembre-a-ouagadougou","status":"publish","type":"post","link":"https:\/\/linitiative.ca\/International\/la-4e-edition-des-sotigui-awards-prevue-le-30-novembre-a-ouagadougou\/","title":{"rendered":"La 4e \u00e9dition des \u00abSotigui Awards\u00bb pr\u00e9vue le 30 novembre  \u00e0 Ouagadougou"},"content":{"rendered":"<div readability=\"32\">\n<p>Publi\u00e9 le 01.10.2019 \u00e0 19h18 par APA News<\/p>\n<\/div>\n<div readability=\"66\">\n<p>La 4e \u00e9dition de la c\u00e9r\u00e9monie de r\u00e9compense des acteurs du cin\u00e9ma d\u00e9nomm\u00e9e \u00abSotigui Awards\u00bb aura lieu le 30 novembre 2019 \u00e0 Ouagadougou, a appris APA mardi aupr\u00e8s des organisateurs.Le comit\u00e9 d\u2019organisation qui animait une conf\u00e9rence de presse \u00e0 Ouagadougou, en pr\u00e9lude \u00e0 l\u2019\u00e9v\u00e8nement, a annonc\u00e9 que cette ann\u00e9e, seize troph\u00e9es seront d\u00e9cern\u00e9s aux acteurs africains et de la diaspora afro-am\u00e9ricaine et des Antilles.<\/p>\n<p>Il ressort que les acteurs dont la liste des nomin\u00e9s a \u00e9t\u00e9 d\u00e9voil\u00e9e, ont \u00e9t\u00e9 s\u00e9lectionn\u00e9s selon trois axes, \u00e0 savoir : la s\u00e9lection dans les diff\u00e9rents festivals, la production cin\u00e9matographique et audiovisuelle passant au cin\u00e9ma, la cr\u00e9dibilit\u00e9 de l\u2019acteur.<\/p>\n<p>Selon le pr\u00e9sident du comit\u00e9 d\u2019organisation des \u00ab Sotigui Awards \u00bb, Kevin Mon\u00e9, cet \u00e9v\u00e9nement vise \u00e0 faire rayonner les acteurs africains et ceux de la diaspora.<\/p>\n<p>\u00abLe but est de contribuer \u00e0 la reconnaissance et \u00e0 la valorisation du m\u00e9tier d\u2019acteur, com\u00e9diens du cin\u00e9ma africain et de la diaspora\u00bb, a-t-il expliqu\u00e9, ajoutant que \u00ables acteurs sont un maillon essentiel dans le septi\u00e8me art, mais, ils ne sont pas appr\u00e9ci\u00e9s \u00e0 leur juste valeur\u00bb.<\/p>\n<p>Les \u00ab Sotigui Awards \u00bb ont \u00e9t\u00e9 initi\u00e9s en 2016 et r\u00e9compensent chaque ann\u00e9e les meilleurs acteurs-com\u00e9diens du cin\u00e9ma africain et de la diaspora, en vue de rendre hommage \u00e0 l\u2019artiste com\u00e9dien burkinab\u00e8 Sotigui Kouyat\u00e9 d\u00e9c\u00e9d\u00e9 le 17 avril 2010 \u00e0 Paris (France).<\/p>\n<\/div>\n<p>Auteur: APA News<br \/>\n<a href=\"https:\/\/www.journalducameroun.com\/la-4e-edition-des-sotigui-awards-prevue-le-30-novembre-a-ouagadougou\/\">Cliquez ici pour lire l&rsquo;article depuis sa source.<\/a><\/p>\n","protected":false},"excerpt":{"rendered":"<p>Publi\u00e9 le 01.10.2019 \u00e0 19h18 par APA News La 4e \u00e9dition de la c\u00e9r\u00e9monie de r\u00e9compense des acteurs du cin\u00e9ma d\u00e9nomm\u00e9e \u00abSotigui Awards\u00bb aura lieu le 30 novembre 2019 \u00e0 Ouagadougou, a appris APA mardi aupr\u00e8s des organisateurs.Le comit\u00e9 d\u2019organisation qui animait une conf\u00e9rence de presse \u00e0 Ouagadougou, en pr\u00e9lude \u00e0 l\u2019\u00e9v\u00e8nement, a annonc\u00e9 que [&hellip;]<\/p>\n","protected":false},"author":1965,"featured_media":0,"comment_status":"closed","ping_status":"closed","sticky":false,"template":"","format":"standard","meta":{"fifu_image_url":"","fifu_image_alt":"","footnotes":""},"categories":[73,82],"tags":[],"class_list":["post-63027","post","type-post","status-publish","format-standard","hentry","category-actualite","category-cameroun"],"_links":{"self":[{"href":"https:\/\/linitiative.ca\/International\/wp-json\/wp\/v2\/posts\/63027","targetHints":{"allow":["GET"]}}],"collection":[{"href":"https:\/\/linitiative.ca\/International\/wp-json\/wp\/v2\/posts"}],"about":[{"href":"https:\/\/linitiative.ca\/International\/wp-json\/wp\/v2\/types\/post"}],"author":[{"embeddable":true,"href":"https:\/\/linitiative.ca\/International\/wp-json\/wp\/v2\/users\/1965"}],"replies":[{"embeddable":true,"href":"https:\/\/linitiative.ca\/International\/wp-json\/wp\/v2\/comments?post=63027"}],"version-history":[{"count":0,"href":"https:\/\/linitiative.ca\/International\/wp-json\/wp\/v2\/posts\/63027\/revisions"}],"wp:attachment":[{"href":"https:\/\/linitiative.ca\/International\/wp-json\/wp\/v2\/media?parent=63027"}],"wp:term":[{"taxonomy":"category","embeddable":true,"href":"https:\/\/linitiative.ca\/International\/wp-json\/wp\/v2\/categories?post=63027"},{"taxonomy":"post_tag","embeddable":true,"href":"https:\/\/linitiative.ca\/International\/wp-json\/wp\/v2\/tags?post=63027"}],"curies":[{"name":"wp","href":"https:\/\/api.w.org\/{rel}","templated":true}]}}