{"id":63028,"date":"2019-10-01T14:50:02","date_gmt":"2019-10-01T18:50:02","guid":{"rendered":"https:\/\/linitiative.ca\/International\/tunisie-le-candidat-karoui-reste-en-prison-alors-que-la-campagne-demarre\/"},"modified":"2019-10-01T14:50:02","modified_gmt":"2019-10-01T18:50:02","slug":"tunisie-le-candidat-karoui-reste-en-prison-alors-que-la-campagne-demarre","status":"publish","type":"post","link":"https:\/\/linitiative.ca\/International\/tunisie-le-candidat-karoui-reste-en-prison-alors-que-la-campagne-demarre\/","title":{"rendered":"Tunisie: le candidat Karoui reste en prison alors que la campagne d\u00e9marre"},"content":{"rendered":"<div readability=\"32\">\n<p>Publi\u00e9 le 01.10.2019 \u00e0 19h50 par AFP<\/p>\n<\/div>\n<div readability=\"148\">\n<p>La justice a rejet\u00e9 mardi une nouvelle demande de lib\u00e9ration du publicitaire Nabil Karoui, candidat au second tour de la pr\u00e9sidentielle pr\u00e9vu le 13 octobre en Tunisie, jetant une ombre sur le processus \u00e9lectoral.<\/p>\n<p>Nombre de dirigeants politiques et institutionnels avaient appel\u00e9 \u00e0 garantir aux deux candidats, l\u2019universitaire Kais Saied et le magnat des m\u00e9dias Nabil Karoui, le droit de faire campagne de fa\u00e7on \u00e9quitable.<\/p>\n<p>Poursuivi depuis 2017 pour blanchiment d\u2019argent et fraude fiscale, M. Karoui a \u00e9t\u00e9 plac\u00e9 en d\u00e9tention pr\u00e9ventive le 23 ao\u00fbt, 10 jours avant le d\u00e9but de la campagne du premier tour.<\/p>\n<p>La campagne du second tour doit d\u00e9marrer sous peu, d\u00e8s les r\u00e9sultats d\u00e9finitifs proclam\u00e9s par l\u2019instance charg\u00e9e des \u00e9lections (Isie), et l\u2019absence de M. Karoui pourrait peser lourd.<\/p>\n<p>\u00ab\u00a0L\u2019incarc\u00e9ration du candidat Nabil Karoui met en p\u00e9ril tout le processus \u00e9lectoral: cela mine la l\u00e9gitimit\u00e9 politique\u00a0\u00bb, a d\u00e9plor\u00e9 International Crisis Group (ICG).<\/p>\n<p>\u00ab\u00a0S\u2019il est encore en prison apr\u00e8s le 2 ou 3 octobre, les tribunaux pourraient annuler tout le scrutin\u00a0\u00bb, avertit ICG.<\/p>\n<p>Le porte-parole de Nabil Karoui a r\u00e9clam\u00e9 que le scrutin soit suspendu tant que le candidat est en prison.<\/p>\n<p>\u00ab\u00a0Le second tour ne se d\u00e9roulera que lorsque Nabil sera libre\u00a0\u00bb, a souhait\u00e9 son porte-parole, Hatem Mliki, assurant \u00e0 l\u2019AFP que cette position \u00e9tait partag\u00e9e par de nombreux Tunisiens.<\/p>\n<p>\u00ab\u00a0Nos adversaires politiques essaient d\u2019utiliser tous les moyens (\u2026) pour refuser une passation pacifique du pouvoir\u00a0\u00bb, a-t-il accus\u00e9 en allusion \u00e0 ses concurrents aux l\u00e9gislatives, dont le parti d\u2019inspiration islamiste Ennahdha.<\/p>\n<p>M. Karoui et son fr\u00e8re Ghazi sont poursuivis dans le cadre d\u2019une enqu\u00eate entam\u00e9e apr\u00e8s le d\u00e9p\u00f4t d\u2019un dossier les concernant par l\u2019ONG anti-corruption tunisienne I Watch.<\/p>\n<p>Le juge d\u2019instruction avait d\u00e9cid\u00e9 en juillet le gel de leurs biens, ainsi qu\u2019une interdiction de quitter le territoire.<\/p>\n<p>\u2013 Campagne in abstentia \u2013<\/p>\n<p>Lorsqu\u2019ils avaient fait appel de ces d\u00e9cisions, la chambre d\u2019accusation avait d\u00e9livr\u00e9 un mandat d\u2019arr\u00eat et Nabil Karoui a \u00e9t\u00e9 interpell\u00e9 \u00e0 un p\u00e9age d\u2019autoroute, apr\u00e8s une visite \u00e9lectorale.<\/p>\n<p>Ghazi Karoui n\u2019a depuis plus \u00e9t\u00e9 vu en public, alors qu\u2019il est candidat aux l\u00e9gislatives du 6 octobre pour le parti de son fr\u00e8re, Qalb Tounes, dans la circonscription de Bizerte (nord). La campagne a \u00e9t\u00e9 men\u00e9e par la deuxi\u00e8me candidate de la liste, a indiqu\u00e9 Qalb Tounes, sans plus de pr\u00e9cision.<\/p>\n<p>De son c\u00f4t\u00e9, Nabil Karoui a fait campagne par l\u2019interm\u00e9diaire de la cha\u00eene de t\u00e9l\u00e9vision qu\u2019il a fond\u00e9e, Nessma, et de son \u00e9pouse Salwa Smaoui.<\/p>\n<p>A l\u2019issue du premier tour de la pr\u00e9sidentielle le 15 septembre, Kais Saied, un ind\u00e9pendant pr\u00f4nant une d\u00e9centralisation radicale et une poursuite de la r\u00e9volution de 2011 dans un cadre l\u00e9gal, est arriv\u00e9 en t\u00eate avec 18,4% des voix, devant M. Karoui, 15,6%.<\/p>\n<p>Un d\u00e9bat t\u00e9l\u00e9vis\u00e9 in\u00e9dit est pr\u00e9vu entre les deux hommes, sous r\u00e9serve qu\u2019ils puissent tous deux y participer \u2014 la t\u00e9l\u00e9vision nationale s\u2019est m\u00eame dite pr\u00eate \u00e0 organiser le d\u00e9bat en prison si besoin.<\/p>\n<p>\u00ab\u00a0La situation me laisse mal \u00e0 l\u2019aise moralement (\u2026), sinc\u00e8rement j\u2019aurais aim\u00e9 qu\u2019il soit libre\u00a0\u00bb, avait d\u00e9clar\u00e9 M. Saied fin septembre, tout en ajoutant qu\u2019en terme d\u2019\u00e9quit\u00e9 \u00ab\u00a0ce n\u2019est pas moi qui ai des cha\u00eenes de t\u00e9l\u00e9vision ou de l\u2019argent\u00a0\u00bb.<\/p>\n<p>Pour ICG, organiser un second tour alors qu\u2019un candidat est en prison risque d&rsquo;\u00a0\u00bbalimenter la d\u00e9sob\u00e9issance civile, tout en radicalisant les partisans de son adversaire, Kais Saied\u00a0\u00bb<\/p>\n<p>Une situation d\u2019autant plus d\u00e9licate que le pr\u00e9sident par int\u00e9rim Mohammed Ennaceur, arriv\u00e9 au pouvoir pour 90 jours en raison du d\u00e9c\u00e8s du pr\u00e9sident B\u00e9ji Ca\u00efd Essebsi le 25 juillet, doit c\u00e9der la place \u00e0 un pr\u00e9sident \u00e9lu d\u2019ici le 23 octobre.<\/p>\n<p>Et la Cour constitutionnelle, susceptible de trancher en cas de litige dans la transition, n\u2019est toujours sur pied, en raison des querelles partisanes au Parlement.<\/p>\n<\/div>\n<p>Auteur: AFP<br \/>\n<a href=\"https:\/\/www.journalducameroun.com\/tunisie-le-candidat-karoui-reste-en-prison-alors-que-la-campagne-demarre\/\">Cliquez ici pour lire l&rsquo;article depuis sa source.<\/a><\/p>\n","protected":false},"excerpt":{"rendered":"<p>Publi\u00e9 le 01.10.2019 \u00e0 19h50 par AFP La justice a rejet\u00e9 mardi une nouvelle demande de lib\u00e9ration du publicitaire Nabil Karoui, candidat au second tour de la pr\u00e9sidentielle pr\u00e9vu le 13 octobre en Tunisie, jetant une ombre sur le processus \u00e9lectoral. Nombre de dirigeants politiques et institutionnels avaient appel\u00e9 \u00e0 garantir aux deux candidats, l\u2019universitaire [&hellip;]<\/p>\n","protected":false},"author":1965,"featured_media":0,"comment_status":"closed","ping_status":"closed","sticky":false,"template":"","format":"standard","meta":{"fifu_image_url":"","fifu_image_alt":"","footnotes":""},"categories":[73,82],"tags":[],"class_list":["post-63028","post","type-post","status-publish","format-standard","hentry","category-actualite","category-cameroun"],"_links":{"self":[{"href":"https:\/\/linitiative.ca\/International\/wp-json\/wp\/v2\/posts\/63028","targetHints":{"allow":["GET"]}}],"collection":[{"href":"https:\/\/linitiative.ca\/International\/wp-json\/wp\/v2\/posts"}],"about":[{"href":"https:\/\/linitiative.ca\/International\/wp-json\/wp\/v2\/types\/post"}],"author":[{"embeddable":true,"href":"https:\/\/linitiative.ca\/International\/wp-json\/wp\/v2\/users\/1965"}],"replies":[{"embeddable":true,"href":"https:\/\/linitiative.ca\/International\/wp-json\/wp\/v2\/comments?post=63028"}],"version-history":[{"count":0,"href":"https:\/\/linitiative.ca\/International\/wp-json\/wp\/v2\/posts\/63028\/revisions"}],"wp:attachment":[{"href":"https:\/\/linitiative.ca\/International\/wp-json\/wp\/v2\/media?parent=63028"}],"wp:term":[{"taxonomy":"category","embeddable":true,"href":"https:\/\/linitiative.ca\/International\/wp-json\/wp\/v2\/categories?post=63028"},{"taxonomy":"post_tag","embeddable":true,"href":"https:\/\/linitiative.ca\/International\/wp-json\/wp\/v2\/tags?post=63028"}],"curies":[{"name":"wp","href":"https:\/\/api.w.org\/{rel}","templated":true}]}}