{"id":63029,"date":"2019-10-01T15:18:03","date_gmt":"2019-10-01T19:18:03","guid":{"rendered":"https:\/\/linitiative.ca\/International\/lancement-a-dakar-dun-projet-de-lutte-contre-la-migration-irreguliere\/"},"modified":"2019-10-01T15:18:03","modified_gmt":"2019-10-01T19:18:03","slug":"lancement-a-dakar-dun-projet-de-lutte-contre-la-migration-irreguliere","status":"publish","type":"post","link":"https:\/\/linitiative.ca\/International\/lancement-a-dakar-dun-projet-de-lutte-contre-la-migration-irreguliere\/","title":{"rendered":"Lancement \u00e0 Dakar d\u2019un projet de lutte contre la migration irr\u00e9guli\u00e8re"},"content":{"rendered":"<div readability=\"32\">\n<p>Publi\u00e9 le 01.10.2019 \u00e0 20h18 par APA News<\/p>\n<\/div>\n<div readability=\"68\">\n<p>Le minist\u00e8re s\u00e9n\u00e9galais de la Microfinance et de l\u2019Economie Sociale et Solidaire en collaboration avec l\u2019Ambassade d\u2019Italie au S\u00e9n\u00e9gal et l\u2019Union europ\u00e9enne, a lanc\u00e9, mardi soir \u00e0 Dakar, le projet de lutte contre la migration irr\u00e9guli\u00e8re \u00e0 travers l\u2019appui au secteur priv\u00e9 et \u00e0 la cr\u00e9ation d\u2019emplois au S\u00e9n\u00e9gal (PASPED), a constat\u00e9 APA.Ce programme, financ\u00e9 par l\u2019Union europ\u00e9enne \u00e0 hauteur de 27 milliards de FCFA au titre du Fonds fiduciaire d\u2019urgence de l\u2019institution pour l\u2019Afrique, a pour objectif de r\u00e9duire la migration irr\u00e9guli\u00e8re gr\u00e2ce au soutien au secteur priv\u00e9 et \u00e0 la cr\u00e9ation d\u2019emplois au S\u00e9n\u00e9gal. Une plateforme fournissant une assistance financi\u00e8re et technique sera cr\u00e9\u00e9e pour contribuer au d\u00e9veloppement des micros, petites et moyennes entreprises (MPME) s\u00e9n\u00e9galaises en renfor\u00e7ant le potentiel \u00e9conomique local et celui de la diaspora en Italie.<\/p>\n<p>Quelque 750 entreprises vont ainsi b\u00e9n\u00e9ficier d\u2019un renforcement technique et financier afin d\u2019augmenter la demande en emplois qualifi\u00e9s et cinquante autres expatri\u00e9s r\u00e9sidant en Italie b\u00e9n\u00e9ficieront d\u2019un accompagnement dans leurs projets de r\u00e9insertion \u00e9conomique au S\u00e9n\u00e9gal.<\/p>\n<p>Ce projet, d\u2019une dur\u00e9e de trois ans, devrait \u00e9galement permettre la formation pratique, l\u2019orientation et l\u2019insertion professionnelle de 1 200 jeunes aupr\u00e8s des MPME.<\/p>\n<p>A en croire l\u2019Ambassadrice de l\u2019UE au S\u00e9n\u00e9gal, pr\u00e8s de 300 000 nouveaux demandeurs d\u2019emplois arrivent chaque ann\u00e9e sur le march\u00e9 du travail, d\u2019o\u00f9 l\u2019importance de ce \u00ab programme suppl\u00e9mentaire sous les couleurs du +Tekki fii+ ou +R\u00e9ussir ici, en langue wolof+ \u00bb.<\/p>\n<p>Le PASPED qui s\u2019inscrit en compl\u00e9mentarit\u00e9 de la deuxi\u00e8me phase de la Plateforme d\u2019appui au secteur priv\u00e9 et \u00e0 la promotion de la diaspora s\u00e9n\u00e9galaise (PLASEPRI) sera mis en \u0153uvre dans les r\u00e9gions de Dakar (ouest), Diourbel (centre), Thi\u00e8s (ouest), Kaolack (centre), Louga (nord-ouest) et Saint-Louis (nord).<\/p>\n<\/div>\n<p>Auteur: APA News<br \/>\n<a href=\"https:\/\/www.journalducameroun.com\/lancement-a-dakar-dun-projet-de-lutte-contre-la-migration-irreguliere\/\">Cliquez ici pour lire l&rsquo;article depuis sa source.<\/a><\/p>\n","protected":false},"excerpt":{"rendered":"<p>Publi\u00e9 le 01.10.2019 \u00e0 20h18 par APA News Le minist\u00e8re s\u00e9n\u00e9galais de la Microfinance et de l\u2019Economie Sociale et Solidaire en collaboration avec l\u2019Ambassade d\u2019Italie au S\u00e9n\u00e9gal et l\u2019Union europ\u00e9enne, a lanc\u00e9, mardi soir \u00e0 Dakar, le projet de lutte contre la migration irr\u00e9guli\u00e8re \u00e0 travers l\u2019appui au secteur priv\u00e9 et \u00e0 la cr\u00e9ation d\u2019emplois [&hellip;]<\/p>\n","protected":false},"author":1965,"featured_media":0,"comment_status":"closed","ping_status":"closed","sticky":false,"template":"","format":"standard","meta":{"fifu_image_url":"","fifu_image_alt":"","footnotes":""},"categories":[73,82],"tags":[],"class_list":["post-63029","post","type-post","status-publish","format-standard","hentry","category-actualite","category-cameroun"],"_links":{"self":[{"href":"https:\/\/linitiative.ca\/International\/wp-json\/wp\/v2\/posts\/63029","targetHints":{"allow":["GET"]}}],"collection":[{"href":"https:\/\/linitiative.ca\/International\/wp-json\/wp\/v2\/posts"}],"about":[{"href":"https:\/\/linitiative.ca\/International\/wp-json\/wp\/v2\/types\/post"}],"author":[{"embeddable":true,"href":"https:\/\/linitiative.ca\/International\/wp-json\/wp\/v2\/users\/1965"}],"replies":[{"embeddable":true,"href":"https:\/\/linitiative.ca\/International\/wp-json\/wp\/v2\/comments?post=63029"}],"version-history":[{"count":0,"href":"https:\/\/linitiative.ca\/International\/wp-json\/wp\/v2\/posts\/63029\/revisions"}],"wp:attachment":[{"href":"https:\/\/linitiative.ca\/International\/wp-json\/wp\/v2\/media?parent=63029"}],"wp:term":[{"taxonomy":"category","embeddable":true,"href":"https:\/\/linitiative.ca\/International\/wp-json\/wp\/v2\/categories?post=63029"},{"taxonomy":"post_tag","embeddable":true,"href":"https:\/\/linitiative.ca\/International\/wp-json\/wp\/v2\/tags?post=63029"}],"curies":[{"name":"wp","href":"https:\/\/api.w.org\/{rel}","templated":true}]}}