{"id":63030,"date":"2019-10-01T15:50:03","date_gmt":"2019-10-01T19:50:03","guid":{"rendered":"https:\/\/linitiative.ca\/International\/iran-le-general-soleimani-raconte-sa-guerre-israelo-libanaise-de-2006\/"},"modified":"2019-10-01T15:50:03","modified_gmt":"2019-10-01T19:50:03","slug":"iran-le-general-soleimani-raconte-sa-guerre-israelo-libanaise-de-2006","status":"publish","type":"post","link":"https:\/\/linitiative.ca\/International\/iran-le-general-soleimani-raconte-sa-guerre-israelo-libanaise-de-2006\/","title":{"rendered":"Iran: le g\u00e9n\u00e9ral Soleimani raconte sa guerre isra\u00e9lo-libanaise de 2006"},"content":{"rendered":"<div readability=\"32\">\n<p>Publi\u00e9 le 01.10.2019 \u00e0 20h50 par AFP<\/p>\n<\/div>\n<div readability=\"98\">\n<p>La t\u00e9l\u00e9vision d\u2019Etat iranienne a diffus\u00e9 mardi soir un entretien exclusif avec le g\u00e9n\u00e9ral de division Ghassem Soleimani, un haut commandant des Gardiens de la R\u00e9volution, consacr\u00e9 \u00e0 sa pr\u00e9sence au Liban lors du conflit isra\u00e9lo-libanais de l\u2019\u00e9t\u00e9 2006.<\/p>\n<p>L\u2019entretien est pr\u00e9sent\u00e9 comme la premi\u00e8re interview du g\u00e9n\u00e9ral Soleimani, homme de l\u2019ombre \u00e0 la t\u00eate de la force Qods, charg\u00e9e des op\u00e9rations ext\u00e9rieures \u2013notamment en Irak et en Syrie\u2013 des Gardiens, l\u2019arm\u00e9e id\u00e9ologique de la R\u00e9publique islamique.<\/p>\n<p>Au cours des quelque 90 minutes d\u2019entretien diffus\u00e9es sur la premi\u00e8re cha\u00eene de la t\u00e9l\u00e9vision d\u2019Etat, le g\u00e9n\u00e9ral Soleimani explique avoir pass\u00e9 au Liban, avec le Hezbollah chiite libanais, l\u2019essentiel de ce conflit ayant dur\u00e9 34 jours.<\/p>\n<p>Le g\u00e9n\u00e9ral dit \u00eatre entr\u00e9 au pays du C\u00e8dre au tout d\u00e9but de la guerre \u00e0 partir de la Syrie avec Imad Moughnieh, haut commandant militaire du Hezbollah (tu\u00e9 en 2008) consid\u00e9r\u00e9 par le mouvement chiite comme l\u2019artisan de la \u00ab\u00a0victoire\u00a0\u00bb contre Isra\u00ebl lors de ce conflit ayant fait 1.200 morts c\u00f4t\u00e9 libanais et 160 c\u00f4t\u00e9 isra\u00e9lien.<\/p>\n<p>Il revient sur l\u2019\u00e9l\u00e9ment d\u00e9clencheur de la guerre: l\u2019attaque, le 12 juillet, d\u2019un commando du Hezbollah parvenu \u00ab\u00a0\u00e0 entrer en Palestine occup\u00e9e (Isra\u00ebl, NDLR), attaquer un (blind\u00e9) sioniste et capturer deux soldats bless\u00e9s\u00a0\u00bb.<\/p>\n<p>Mis \u00e0 part une courte mission au bout \u00ab\u00a0d\u2019une semaine\u00a0\u00bb pour rendre compte de la situation au guide supr\u00eame iranien, l\u2019ayatollah Ali Khamenei, et revenir au Liban le jour-m\u00eame avec un message de sa part pour Hassan Nasrallah, le chef du Hezbollah, le g\u00e9n\u00e9ral dit \u00eatre rest\u00e9 au Liban pour aider ses compagnons d\u2019armes chiites.<\/p>\n<p>Dans l\u2019entretien, l\u2019officier ne mentionne pas la pr\u00e9sence d\u2019autres Iraniens. Il livre le r\u00e9cit d\u2019une exp\u00e9rience avant tout personnelle, au contact de Moughnieh et de M. Nasrallah.<\/p>\n<p>Il raconte comment, pris sous des bombardements isra\u00e9liens sur la banlieue sud de Beyrouth, bastion du Hezbollah, il \u00e9vacue avec Moughniyeh le cheikh Nasrallah de la \u00ab\u00a0chambre d\u2019op\u00e9rations\u00a0\u00bb o\u00f9 il se trouve.<\/p>\n<p>Selon son r\u00e9cit, lui et Moughniyeh font passer le chef du Hezbollah cette nuit-l\u00e0 d\u2019abri en cachette avant de revenir tous deux \u00e0 leur centre de commandement.<\/p>\n<p>La publication de l\u2019interview, r\u00e9alis\u00e9e par le bureau de l\u2019ayatollah Khamenei, survient quelques jours apr\u00e8s la publication, par ce m\u00eame bureau, d\u2019une photo in\u00e9dite montrant Hassan Nasrallah \u00ab\u00a0au-c\u00f4t\u00e9\u00a0\u00bb de M. Khamenei et du g\u00e9n\u00e9ral Soleimani et accr\u00e9ditant l\u2019id\u00e9e d\u2019une rencontre r\u00e9cente entre les trois hommes \u00e0 T\u00e9h\u00e9ran.<\/p>\n<\/div>\n<p>Auteur: AFP<br \/>\n<a href=\"https:\/\/www.journalducameroun.com\/iran-le-general-soleimani-raconte-sa-guerre-israelo-libanaise-de-2006\/\">Cliquez ici pour lire l&rsquo;article depuis sa source.<\/a><\/p>\n","protected":false},"excerpt":{"rendered":"<p>Publi\u00e9 le 01.10.2019 \u00e0 20h50 par AFP La t\u00e9l\u00e9vision d\u2019Etat iranienne a diffus\u00e9 mardi soir un entretien exclusif avec le g\u00e9n\u00e9ral de division Ghassem Soleimani, un haut commandant des Gardiens de la R\u00e9volution, consacr\u00e9 \u00e0 sa pr\u00e9sence au Liban lors du conflit isra\u00e9lo-libanais de l\u2019\u00e9t\u00e9 2006. L\u2019entretien est pr\u00e9sent\u00e9 comme la premi\u00e8re interview du g\u00e9n\u00e9ral [&hellip;]<\/p>\n","protected":false},"author":1965,"featured_media":0,"comment_status":"closed","ping_status":"closed","sticky":false,"template":"","format":"standard","meta":{"fifu_image_url":"","fifu_image_alt":"","footnotes":""},"categories":[73,82],"tags":[],"class_list":["post-63030","post","type-post","status-publish","format-standard","hentry","category-actualite","category-cameroun"],"_links":{"self":[{"href":"https:\/\/linitiative.ca\/International\/wp-json\/wp\/v2\/posts\/63030","targetHints":{"allow":["GET"]}}],"collection":[{"href":"https:\/\/linitiative.ca\/International\/wp-json\/wp\/v2\/posts"}],"about":[{"href":"https:\/\/linitiative.ca\/International\/wp-json\/wp\/v2\/types\/post"}],"author":[{"embeddable":true,"href":"https:\/\/linitiative.ca\/International\/wp-json\/wp\/v2\/users\/1965"}],"replies":[{"embeddable":true,"href":"https:\/\/linitiative.ca\/International\/wp-json\/wp\/v2\/comments?post=63030"}],"version-history":[{"count":0,"href":"https:\/\/linitiative.ca\/International\/wp-json\/wp\/v2\/posts\/63030\/revisions"}],"wp:attachment":[{"href":"https:\/\/linitiative.ca\/International\/wp-json\/wp\/v2\/media?parent=63030"}],"wp:term":[{"taxonomy":"category","embeddable":true,"href":"https:\/\/linitiative.ca\/International\/wp-json\/wp\/v2\/categories?post=63030"},{"taxonomy":"post_tag","embeddable":true,"href":"https:\/\/linitiative.ca\/International\/wp-json\/wp\/v2\/tags?post=63030"}],"curies":[{"name":"wp","href":"https:\/\/api.w.org\/{rel}","templated":true}]}}