{"id":63031,"date":"2019-10-01T17:18:08","date_gmt":"2019-10-01T21:18:08","guid":{"rendered":"https:\/\/linitiative.ca\/International\/marrakech-debut-des-travaux-la-3eme-conference-internationale-des-regulateurs-sur-la-securite-nucleaire\/"},"modified":"2019-10-01T17:18:08","modified_gmt":"2019-10-01T21:18:08","slug":"marrakech-debut-des-travaux-la-3eme-conference-internationale-des-regulateurs-sur-la-securite-nucleaire","status":"publish","type":"post","link":"https:\/\/linitiative.ca\/International\/marrakech-debut-des-travaux-la-3eme-conference-internationale-des-regulateurs-sur-la-securite-nucleaire\/","title":{"rendered":"Marrakech : D\u00e9but des travaux la 3\u00e8me conf\u00e9rence internationale des r\u00e9gulateurs sur la s\u00e9curit\u00e9 nucl\u00e9aire"},"content":{"rendered":"<div readability=\"32\">\n<p>Publi\u00e9 le 01.10.2019 \u00e0 22h18 par APA News<\/p>\n<\/div>\n<div readability=\"94\">\n<p>Les travaux de la 3\u00e8me Conf\u00e9rence Internationale des R\u00e9gulateurs sur la S\u00e9curit\u00e9 Nucl\u00e9aire se sont ouverts, mardi \u00e0 Marrakech, avec la participation de plus de 350 experts et responsables repr\u00e9sentant une centaine de pays, dont 35 Etats africains.Initi\u00e9e par l\u2019Agence Marocaine de S\u00fbret\u00e9 et de S\u00e9curit\u00e9 Nucl\u00e9aires et Radiologiques (AMSSNuR) en collaboration avec l\u2019Agence Internationale de l\u2019Energie Atomique (AIEA), cette conf\u00e9rence rassemble des responsables de r\u00e9glementation, des professionnels de la s\u00e9curit\u00e9 nucl\u00e9aire, des d\u00e9cideurs, des responsables des Organisations de Support Technique (TSOs), des organisations r\u00e9gionales et internationales, ainsi que des acteurs dans le domaine de la s\u00e9curit\u00e9 nucl\u00e9aire.<\/p>\n<p>\u00a0Au menu de cet \u00e9v\u00e9nement plusieurs th\u00e9matiques notamment les nouveaux d\u00e9fis auxquels font face les Etats et organisations internationales pour endiguer les menaces d\u2019actes malveillants susceptibles de mettre en danger la s\u00e9curit\u00e9 des mati\u00e8res nucl\u00e9aires ou d\u2019autres sources radioactives qui pourraient avoir des effets n\u00e9fastes sur l\u2019Homme, la soci\u00e9t\u00e9 et l\u2019environnement.<\/p>\n<p>Cet \u00e9v\u00e9nement vise, entre autres, \u00e0 am\u00e9liorer le niveau de s\u00fbret\u00e9 et de s\u00e9curit\u00e9 nucl\u00e9aire du Maroc afin de prot\u00e9ger l\u2019Homme et l\u2019Environnement de tout acte malveillant mettant en oeuvre des mati\u00e8res nucl\u00e9aires ou autres mati\u00e8res radioactives, \u00e0 travers le renforcement du positionnement du Royaume comme catalyseur d\u2019opportunit\u00e9s et de coop\u00e9ration pour tout le continent africain, la cr\u00e9ation d\u2019un forum d\u2019\u00e9change entre experts afin de tirer profit de leur expertise, ainsi que l\u2019\u00e9largissement des r\u00e9seaux de collaboration des experts marocains.<\/p>\n<p>La Conf\u00e9rence vise, en outre, \u00e0 renforcer davantage la coop\u00e9ration internationale et \u00e0 am\u00e9liorer le d\u00e9veloppement des capacit\u00e9s en mati\u00e8re de s\u00e9curit\u00e9 nucl\u00e9aire dans le monde, en g\u00e9n\u00e9ral, et en Afrique en particulier.<\/p>\n<p>Elle est organis\u00e9e pour la premi\u00e8re fois en Afrique et dans le monde Arabe, apr\u00e8s une premi\u00e8re \u00e9dition aux Etats-Unis en 2012, qui avait pour objectif l\u2019\u00e9tablissement d\u2019un cadre de coop\u00e9ration internationale sp\u00e9cifique au domaine de la s\u00e9curit\u00e9 nucl\u00e9aire, et une 2\u00e8me tenue en Espagne en 2016.<\/p>\n<p>Cette manifestation d\u2019envergure internationale co\u00efncide avec l\u2019important chantier engag\u00e9 par le Royaume pour la mise \u00e0 niveau de son cadre l\u00e9gislatif et r\u00e9glementaire de s\u00fbret\u00e9 et s\u00e9curit\u00e9 nucl\u00e9aires et radiologiques, marqu\u00e9 notamment par la promulgation, en 2014, de la loi sur la s\u00fbret\u00e9 et \u00e0 la s\u00e9curit\u00e9 nucl\u00e9aires et radiologiques, ainsi qu\u2019\u00e0 la cr\u00e9ation d\u2019AMSSNuR en tant qu\u2019organisme r\u00e9glementaire charg\u00e9 d\u2019assurer le contr\u00f4le des activit\u00e9s mettant en jeu des mati\u00e8res nucl\u00e9aires ou radioactives.<\/p>\n<p>L\u2019AMSSNuR appuie, particuli\u00e8rement en mati\u00e8re de s\u00e9curit\u00e9 nucl\u00e9aire et radiologique, les Administrations et D\u00e9partements nationaux charg\u00e9s des questions de s\u00e9curit\u00e9 publique, par la mise en place d\u2019une r\u00e9glementation sp\u00e9cifique et de syst\u00e8mes de gestion des situations d\u2019urgence ou de s\u00e9curit\u00e9 nucl\u00e9aire et radiologique et ce, conform\u00e9ment aux Conventions internationales auxquelles le Maroc a souscrit.<\/p>\n<\/div>\n<p>Auteur: APA News<br \/>\n<a href=\"https:\/\/www.journalducameroun.com\/marrakech-debut-des-travaux-la-3eme-conference-internationale-des-regulateurs-sur-la-securite-nucleaire\/\">Cliquez ici pour lire l&rsquo;article depuis sa source.<\/a><\/p>\n","protected":false},"excerpt":{"rendered":"<p>Publi\u00e9 le 01.10.2019 \u00e0 22h18 par APA News Les travaux de la 3\u00e8me Conf\u00e9rence Internationale des R\u00e9gulateurs sur la S\u00e9curit\u00e9 Nucl\u00e9aire se sont ouverts, mardi \u00e0 Marrakech, avec la participation de plus de 350 experts et responsables repr\u00e9sentant une centaine de pays, dont 35 Etats africains.Initi\u00e9e par l\u2019Agence Marocaine de S\u00fbret\u00e9 et de S\u00e9curit\u00e9 Nucl\u00e9aires [&hellip;]<\/p>\n","protected":false},"author":1965,"featured_media":0,"comment_status":"closed","ping_status":"closed","sticky":false,"template":"","format":"standard","meta":{"fifu_image_url":"","fifu_image_alt":"","footnotes":""},"categories":[73,82],"tags":[],"class_list":["post-63031","post","type-post","status-publish","format-standard","hentry","category-actualite","category-cameroun"],"_links":{"self":[{"href":"https:\/\/linitiative.ca\/International\/wp-json\/wp\/v2\/posts\/63031","targetHints":{"allow":["GET"]}}],"collection":[{"href":"https:\/\/linitiative.ca\/International\/wp-json\/wp\/v2\/posts"}],"about":[{"href":"https:\/\/linitiative.ca\/International\/wp-json\/wp\/v2\/types\/post"}],"author":[{"embeddable":true,"href":"https:\/\/linitiative.ca\/International\/wp-json\/wp\/v2\/users\/1965"}],"replies":[{"embeddable":true,"href":"https:\/\/linitiative.ca\/International\/wp-json\/wp\/v2\/comments?post=63031"}],"version-history":[{"count":0,"href":"https:\/\/linitiative.ca\/International\/wp-json\/wp\/v2\/posts\/63031\/revisions"}],"wp:attachment":[{"href":"https:\/\/linitiative.ca\/International\/wp-json\/wp\/v2\/media?parent=63031"}],"wp:term":[{"taxonomy":"category","embeddable":true,"href":"https:\/\/linitiative.ca\/International\/wp-json\/wp\/v2\/categories?post=63031"},{"taxonomy":"post_tag","embeddable":true,"href":"https:\/\/linitiative.ca\/International\/wp-json\/wp\/v2\/tags?post=63031"}],"curies":[{"name":"wp","href":"https:\/\/api.w.org\/{rel}","templated":true}]}}