{"id":63035,"date":"2019-10-01T13:39:09","date_gmt":"2019-10-01T17:39:09","guid":{"rendered":"https:\/\/linitiative.ca\/International\/john-fru-ndi-propose-de-nouveau-le-retour-au-federalisme\/"},"modified":"2019-10-01T13:39:09","modified_gmt":"2019-10-01T17:39:09","slug":"john-fru-ndi-propose-de-nouveau-le-retour-au-federalisme","status":"publish","type":"post","link":"https:\/\/linitiative.ca\/International\/john-fru-ndi-propose-de-nouveau-le-retour-au-federalisme\/","title":{"rendered":"John Fru Ndi propose de nouveau le retour au F\u00e9d\u00e9ralisme"},"content":{"rendered":"<p class=\"yiv3962922969MsoNormal\">Au Grand dialogue national (<strong>GDN<\/strong>),\u00a0<strong>John Fru Ndi<\/strong>, pr\u00e9sident national du Social Democratic Front (<strong>SDF<\/strong>) a pr\u00e9sent\u00e9 lundi 30 septembre les propositions de son parti pour sortir de la crise anglophone qui secoue les deux r\u00e9gions du Nord-ouest et du Sud-ouest depuis fin octobre 2016. Pour le leader du SDF, la forme de l\u2019Etat pose probl\u00e8me.\u00a0\u00a0Selon lui, la forme de l\u2019Etat serait \u00e0 l\u2019origine de la crise anglophone.<\/p>\n<p class=\"yiv3962922969MsoNormal\"><strong>Ni John Fru Ndi<\/strong> propose qu\u2019au Grand dialogue national, les participants s\u2019attaquent \u00ab\u00a0aux causes structurelles profondes de la crise\u00a0\u00bb que traversent aujourd\u2019hui les r\u00e9gions du Nord-Ouest et du Sud-Ouest. \u00ab\u00a0Je tiens \u00e0 pr\u00e9ciser, ici et maintenant, que la R\u00e9publique F\u00e9d\u00e9rale du Cameroun \u00e9tait form\u00e9e de deux entit\u00e9s : l\u2019\u00c9tat F\u00e9d\u00e9r\u00e9 du Cameroun Oriental et l\u2019\u00c9tat F\u00e9d\u00e9r\u00e9 du Cameroun Occidental, ayant chacun un patrimoine culturel et institutionnel diff\u00e9rent\u2019, a d\u00e9clar\u00e9 <strong>Ni John Fru Ndi.<\/strong><\/p>\n<p class=\"yiv3962922969MsoNormal\">Poursuivant, <em>\u00ab\u00a0c\u2019est l\u2019abolition de cette structure f\u00e9d\u00e9rale et son remplacement par un \u00c9tat unitaire sans passer par des r\u00e9f\u00e9rendums s\u00e9par\u00e9s pour chacun des deux \u00c9tats qui a ouvert la voie \u00e0 la marginalisation et \u00e0 l\u2019assimilation des populations des r\u00e9gions du Nord-Ouest et du Sud-Ouest\u00a0\u00bb.<\/em>\u00a0\u00a0Le pr\u00e9sident national du SDF estime que la modification constitutionnelle de 1972, a impos\u00e9 une \u00ab\u00a0forte\u00a0\u00bb d\u00e9termination politique et un ordre social \u00ab<em>\u00a0non-consensuel\u00a0\u00bb<\/em> appel\u00e9 <em>\u00ab\u00a0d\u00e9centralisation\u00a0\u00bb.<\/em><\/p>\n<p class=\"yiv3962922969MsoNormal\">Cet ordre social, souligne-t-il, a mis \u00e0 mal le \u00ab\u00a0vivre ensemble\u00a0\u00bb et l\u2019esprit <em>\u00ab\u00a0d\u2019unit\u00e9 nationale\u00a0\u00bb<\/em>. \u00ab\u00a0Cela revient donc \u00e0 dire que si nous voulons que la paix et la justice retournent dans notre pays, nous devons revoir la forme de l\u2019\u00c9tat au cours de cette conf\u00e9rence\u00a0\u00bb, croit-il fermement. Au-del\u00e0 des discours et des travaux en salle, il est important de penser \u00e0 l\u2019impl\u00e9mentation r\u00e9elle des r\u00e9solutions qui seront prises ici. La non pratique de la d\u00e9centralisation est et demeure un v\u00e9ritable probl\u00e8me. Le SDF prend part \u00e0 ces d\u00e9bats pour dire que le f\u00e9d\u00e9ralisme est important, car, cela donne l\u2019opportunit\u00e9 \u00e0 chaque r\u00e9gion de se d\u00e9velopper, de prendre ses responsabilit\u00e9s et, au cours des prochains jours, nous allons contribuer \u00e0 ce que nous puissions parvenir \u00e0 ce que cela soit r\u00e9el.<\/p>\n<p class=\"yiv3962922969MsoNormal\">Pourtant le pr\u00e9sident <strong>Biya<\/strong> a exclu tout d\u00e9bat sur la forme de l\u2019Etat dans son message du 10 septembre dernier. Pour le chef d\u2019Etat camerounais initiateur du Grand dialogue national, le Cameroun est <em>\u00ab\u00a0Un et Indivisible\u00a0\u00bb<\/em> et le restera. Le pr\u00e9sident du SDF a menac\u00e9 de se retirer des travaux si ses propositions n\u2019\u00e9taient pas retenues, <em>\u00ab\u00a0Mais, si celles-ci sont ignor\u00e9es, le SDF n\u2019aura d\u2019autre choix que de se retirer du dialogue\u00a0\u00bb,<\/em> a-t-il conclu<\/p>\n<div class=\"about-author about-author-box container-wrapper\">\n<div class=\"author-avatar\">\n<p><img decoding=\"async\" src=\"http:\/\/\" alt=\"\"\/><\/p>\n<\/div>\n<p><h4>La R\u00e9daction EcoMatin<\/h4>\n<\/p>\n<\/div>\n<div class=\"awac-wrapper awac widget blog_subscription-2\">\n<h4 class=\"widget-title\">Abonnez-vous \u00e0 notre lettre d&rsquo;information<\/h4>\n<\/div>\n<p>Auteur: EcoMatin<br \/>\n<a href=\"https:\/\/ecomatin.net\/john-fru-ndi-propose-de-nouveau-le-retour-au-federalisme\/\">Cliquez ici pour lire l&rsquo;article depuis sa source.<\/a><\/p>\n","protected":false},"excerpt":{"rendered":"<p>Au Grand dialogue national (GDN),\u00a0John Fru Ndi, pr\u00e9sident national du Social Democratic Front (SDF) a pr\u00e9sent\u00e9 lundi 30 septembre les propositions de son parti pour sortir de la crise anglophone qui secoue les deux r\u00e9gions du Nord-ouest et du Sud-ouest depuis fin octobre 2016. Pour le leader du SDF, la forme de l\u2019Etat pose probl\u00e8me.\u00a0\u00a0Selon [&hellip;]<\/p>\n","protected":false},"author":1969,"featured_media":0,"comment_status":"closed","ping_status":"closed","sticky":false,"template":"","format":"standard","meta":{"fifu_image_url":"","fifu_image_alt":"","footnotes":""},"categories":[82,78],"tags":[],"class_list":["post-63035","post","type-post","status-publish","format-standard","hentry","category-cameroun","category-economie"],"_links":{"self":[{"href":"https:\/\/linitiative.ca\/International\/wp-json\/wp\/v2\/posts\/63035","targetHints":{"allow":["GET"]}}],"collection":[{"href":"https:\/\/linitiative.ca\/International\/wp-json\/wp\/v2\/posts"}],"about":[{"href":"https:\/\/linitiative.ca\/International\/wp-json\/wp\/v2\/types\/post"}],"author":[{"embeddable":true,"href":"https:\/\/linitiative.ca\/International\/wp-json\/wp\/v2\/users\/1969"}],"replies":[{"embeddable":true,"href":"https:\/\/linitiative.ca\/International\/wp-json\/wp\/v2\/comments?post=63035"}],"version-history":[{"count":0,"href":"https:\/\/linitiative.ca\/International\/wp-json\/wp\/v2\/posts\/63035\/revisions"}],"wp:attachment":[{"href":"https:\/\/linitiative.ca\/International\/wp-json\/wp\/v2\/media?parent=63035"}],"wp:term":[{"taxonomy":"category","embeddable":true,"href":"https:\/\/linitiative.ca\/International\/wp-json\/wp\/v2\/categories?post=63035"},{"taxonomy":"post_tag","embeddable":true,"href":"https:\/\/linitiative.ca\/International\/wp-json\/wp\/v2\/tags?post=63035"}],"curies":[{"name":"wp","href":"https:\/\/api.w.org\/{rel}","templated":true}]}}