{"id":63036,"date":"2019-10-01T15:57:18","date_gmt":"2019-10-01T19:57:18","guid":{"rendered":"https:\/\/linitiative.ca\/International\/banques-le-marocain-bcp-acquiert-la-bicec\/"},"modified":"2019-10-01T15:57:18","modified_gmt":"2019-10-01T19:57:18","slug":"banques-le-marocain-bcp-acquiert-la-bicec","status":"publish","type":"post","link":"https:\/\/linitiative.ca\/International\/banques-le-marocain-bcp-acquiert-la-bicec\/","title":{"rendered":"Banques: le marocain BCP acquiert la BICEC"},"content":{"rendered":"<div class=\"featured-area featured-area-inner\"><img loading=\"lazy\" decoding=\"async\" width=\"780\" height=\"405\" src=\"https:\/\/i1.wp.com\/ecomatin.net\/wp-content\/uploads\/2019\/10\/ecomatin.net-banques-le-marocain-bcp-acquiert-la-bicec-img-20191001-205356.jpg?resize=780%2C405&#038;ssl=1&#038;is-pending-load=1\" class=\"attachment-jannah-image-post size-jannah-image-post wp-post-image jetpack-lazy-image\" alt=\"\" data-attachment-id=\"12276\" data-permalink=\"https:\/\/ecomatin.net\/banques-le-marocain-bcp-acquiert-la-bicec\/img-20191001-205356\/\" data-orig-file=\"https:\/\/i1.wp.com\/ecomatin.net\/wp-content\/uploads\/2019\/10\/ecomatin.net-banques-le-marocain-bcp-acquiert-la-bicec-img-20191001-205356.jpg?fit=1080%2C444&#038;ssl=1\" data-orig-size=\"1080,444\" data-comments-opened=\"0\" data-image-meta=\"{\"aperture\":\"0\",\"credit\":\"\",\"camera\":\"\",\"caption\":\"\",\"created_timestamp\":\"0\",\"copyright\":\"\",\"focal_length\":\"0\",\"iso\":\"0\",\"shutter_speed\":\"0\",\"title\":\"\",\"orientation\":\"1\"}\" data-image-title=\"IMG-20191001-205356\" data-image-description=\"\" data-medium-file=\"https:\/\/i1.wp.com\/ecomatin.net\/wp-content\/uploads\/2019\/10\/ecomatin.net-banques-le-marocain-bcp-acquiert-la-bicec-img-20191001-205356.jpg?fit=300%2C123&#038;ssl=1\" data-large-file=\"https:\/\/i1.wp.com\/ecomatin.net\/wp-content\/uploads\/2019\/10\/ecomatin.net-banques-le-marocain-bcp-acquiert-la-bicec-img-20191001-205356.jpg?fit=1024%2C421&#038;ssl=1\" srcset=\"data:image\/gif;base64,R0lGODlhAQABAIAAAAAAAP\/\/\/yH5BAEAAAAALAAAAAABAAEAAAIBRAA7\"\/><\/div>\n<div class=\"entry-content entry clearfix\" readability=\"64\">\n<p>Le groupe marocain Banque centrale populaire (BCP) a annonc\u00e9, ce mardi 1er octobre 2019, avoir acquis 68,5% du capital de la Banque internationale du Cameroun pour l\u2019\u00e9pargne et le cr\u00e9dit (BICEC). L\u2019acquisition a \u00e9t\u00e9 finalis\u00e9e avec le groupe fran\u00e7ais Banque populaire et caisse d\u2019\u00e9pargne (BPCE), apr\u00e8s avoir obtenu les autorisations r\u00e9glementaires. Cette acquisition strat\u00e9gique permet au groupe BCP de d\u00e9ployer au Cameroun son mod\u00e8le unique de banque panafricaine, tout en \u00e9tendant son empreinte g\u00e9ographique \u00e0 la zone de la Communaut\u00e9 \u00e9conomique de l\u2019Afrique centrale (CEMAC).<\/p>\n<p>\u00ab En rejoignant le groupe Banque centrale populaire, la BICEC b\u00e9n\u00e9ficiera des meilleures pratiques bancaires, d\u2019innovations et d\u2019expertises adapt\u00e9es au march\u00e9 africain. Avec l\u2019appui de ses nouveaux actionnaires de r\u00e9f\u00e9rence, la BCP et l\u2019\u00c9tat camerounais, la BICEC entame dor\u00e9navant une nouvelle phase de son d\u00e9veloppement, en pla\u00e7ant la satisfaction de ses clients et la promotion des talents locaux au centre de ses priorit\u00e9s \u00bb, a d\u00e9clar\u00e9 Kamal Mokdad, directeur g\u00e9n\u00e9ral de la BCP et de l\u2019International.<\/p>\n<p>C\u2019\u00e9tait au cours d\u2019une c\u00e9r\u00e9monie organis\u00e9e au si\u00e8ge de la BICEC \u00e0 Douala-Bonanjo, en pr\u00e9sence de Jean-Baptiste Bokam et Rochdi Sanhaji, respectivement pr\u00e9sident du conseil d\u2019administration et nouveau directeur g\u00e9n\u00e9ral de la BICEC.<br \/>La BCP accentue sa pr\u00e9sence avec cette nouvelle acquisition. Pr\u00e9sent dans 29 pays dans le monde, dont 15 en Afrique, le groupe BCP est le sixi\u00e8me acteur bancaire du continent par la taille des fonds propres, et l\u2019une des toutes premi\u00e8res banques africaines en termes de total bilan. Elle dispose d\u2019une implantation historique en Afrique de l\u2019Ouest sous la marque \u00ab Banque Atlantique \u00bb et en Europe via sa filiale \u00ab Chaabi Bank \u00bb. Le groupe est \u00e9galement la seule institution bancaire en Afrique du Nord, de l\u2019Ouest et du Centre \u00e0 \u00eatre pr\u00e9sente dans l\u2019Oc\u00e9an indien \u00e0 Maurice, \u00e0 travers sa filiale BCP Bank (Mauritius)<\/p>\n<div class=\"about-author about-author-box container-wrapper\">\n<div class=\"author-avatar\">\n<p><img decoding=\"async\" src=\"http:\/\/\" alt=\"\"\/><\/p>\n<\/div>\n<p><h4>La R\u00e9daction EcoMatin<\/h4>\n<\/p>\n<\/div>\n<div class=\"awac-wrapper awac widget blog_subscription-2\">\n<h4 class=\"widget-title\">Abonnez-vous \u00e0 notre lettre d&rsquo;information<\/h4>\n<\/div>\n<\/div>\n<div class=\"toggle-post-content clearfix\"><a id=\"toggle-post-button\" class=\"button\" href=\"#\">Afficher plus <\/a><\/div>\n<p>Auteur: EcoMatin<br \/>\n<a href=\"https:\/\/ecomatin.net\/banques-le-marocain-bcp-acquiert-la-bicec\/\">Cliquez ici pour lire l&rsquo;article depuis sa source.<\/a><\/p>\n","protected":false},"excerpt":{"rendered":"<p>Le groupe marocain Banque centrale populaire (BCP) a annonc\u00e9, ce mardi 1er octobre 2019, avoir acquis 68,5% du capital de la Banque internationale du Cameroun pour l\u2019\u00e9pargne et le cr\u00e9dit (BICEC). L\u2019acquisition a \u00e9t\u00e9 finalis\u00e9e avec le groupe fran\u00e7ais Banque populaire et caisse d\u2019\u00e9pargne (BPCE), apr\u00e8s avoir obtenu les autorisations r\u00e9glementaires. Cette acquisition strat\u00e9gique permet [&hellip;]<\/p>\n","protected":false},"author":1969,"featured_media":0,"comment_status":"closed","ping_status":"closed","sticky":false,"template":"","format":"standard","meta":{"fifu_image_url":"","fifu_image_alt":"","footnotes":""},"categories":[82,78],"tags":[],"class_list":["post-63036","post","type-post","status-publish","format-standard","hentry","category-cameroun","category-economie"],"_links":{"self":[{"href":"https:\/\/linitiative.ca\/International\/wp-json\/wp\/v2\/posts\/63036","targetHints":{"allow":["GET"]}}],"collection":[{"href":"https:\/\/linitiative.ca\/International\/wp-json\/wp\/v2\/posts"}],"about":[{"href":"https:\/\/linitiative.ca\/International\/wp-json\/wp\/v2\/types\/post"}],"author":[{"embeddable":true,"href":"https:\/\/linitiative.ca\/International\/wp-json\/wp\/v2\/users\/1969"}],"replies":[{"embeddable":true,"href":"https:\/\/linitiative.ca\/International\/wp-json\/wp\/v2\/comments?post=63036"}],"version-history":[{"count":0,"href":"https:\/\/linitiative.ca\/International\/wp-json\/wp\/v2\/posts\/63036\/revisions"}],"wp:attachment":[{"href":"https:\/\/linitiative.ca\/International\/wp-json\/wp\/v2\/media?parent=63036"}],"wp:term":[{"taxonomy":"category","embeddable":true,"href":"https:\/\/linitiative.ca\/International\/wp-json\/wp\/v2\/categories?post=63036"},{"taxonomy":"post_tag","embeddable":true,"href":"https:\/\/linitiative.ca\/International\/wp-json\/wp\/v2\/tags?post=63036"}],"curies":[{"name":"wp","href":"https:\/\/api.w.org\/{rel}","templated":true}]}}