{"id":63075,"date":"2019-10-02T06:00:00","date_gmt":"2019-10-02T10:00:00","guid":{"rendered":"https:\/\/linitiative.ca\/International\/nord-qui-succedera-a-el-omari\/"},"modified":"2019-10-02T06:00:00","modified_gmt":"2019-10-02T10:00:00","slug":"nord-qui-succedera-a-el-omari","status":"publish","type":"post","link":"https:\/\/linitiative.ca\/International\/nord-qui-succedera-a-el-omari\/","title":{"rendered":"Nord: Qui succ\u00e9dera \u00e0 El Omari?"},"content":{"rendered":"<div readability=\"37\">\n<p>Son d\u00e9part laisse un vide difficile \u00e0 combler en cette p\u00e9riode de turbulences politiques<\/p>\n<p>RNI, PJD, Istiqlal, les formations avec le plus de chances<\/p>\n<\/div>\n<div readability=\"75\">\n<div class=\"dnd-atom-wrapper type-image context-sdl_editor_representation atom-align-right\" contenteditable=\"false\" readability=\"31.5\">\n<div class=\"dnd-drop-wrapper image\"><img loading=\"lazy\" decoding=\"async\" typeof=\"foaf:Image\" class=\"img-responsive\" src=\"https:\/\/www.leconomiste.com\/sites\/default\/files\/eco7\/public\/thumbnails\/image\/el_omari_004.jpg\" width=\"340\" height=\"340\" alt=\"el_omari_004.jpg\" title=\"el_omari_004.jpg\"\/><\/div>\n<div class=\"dnd-legend-wrapper\" contenteditable=\"true\" readability=\"8\">\n<p class=\"rtejustify\">La d\u00e9mission d\u2019El Omari de la pr\u00e9sidence de la r\u00e9gion a laiss\u00e9 un vide difficile \u00e0 combler en cette p\u00e9riode de pr\u00e9paration du nouveau gouvernement <em>(Ph. Adam)<\/em><\/p>\n<\/div>\n<\/div>\n<p class=\"rtejustify\">Peu ou pas de surprise avec la d\u00e9mission d\u2019Ilyas El Omari de la pr\u00e9sidence du Conseil de la r\u00e9gion de Tanger-T\u00e9touan-Al Hoce\u00efma. Depuis quelques mois, les rumeurs enflaient sur un \u00e9ventuel d\u00e9part de celui qui a \u00e9t\u00e9 aussi secr\u00e9taire g\u00e9n\u00e9ral du PAM.<\/p>\n<p class=\"rtejustify\">La d\u00e9mission, pour \u00eatre effective, doit recevoir le visa de la tutelle, le minist\u00e8re de l\u2019Int\u00e9rieur, et l\u2019approbation des 63 membres qui forment le Conseil. Situation intenable selon certains proches, absence de moyens l\u00e9gislatifs pour mener \u00e0 bien les pr\u00e9rogatives que la r\u00e9gionalisation avanc\u00e9e accorde aux r\u00e9gions, les raisons du d\u00e9part de ce sulfureux leader du parti du tracteur fusent depuis quelques jours en l\u2019absence de r\u00e9action de l\u2019int\u00e9ress\u00e9. Pour d\u2019autres, c\u2019est l\u2019implosion de la majorit\u00e9 Istiqlal-RNI-UC et l\u2019absence d\u2019appui de certains pamistes qui a acc\u00e9l\u00e9r\u00e9 le d\u00e9part. Mais la v\u00e9ritable discussion actuellement est de savoir qui reprendra les r\u00eanes apr\u00e8s lui.<\/p>\n<p class=\"rtejustify\">Au Conseil de la r\u00e9gion, peu de personnalit\u00e9s se d\u00e9marquent du lot. Le remaniement gouvernemental en cours o\u00f9 tous les sc\u00e9narios possibles sont envisag\u00e9s complique d\u2019autant plus les choses, transformant le chemin \u00e0 la pr\u00e9sidence de la r\u00e9gion en un v\u00e9ritable exercice de contorsion politique.<\/p>\n<p class=\"rtejustify\">La r\u00e9gion du Nord a depuis sa cr\u00e9ation \u00e9t\u00e9 brigu\u00e9e \u00e0 tour de r\u00f4le par l\u2019Istiqlal et le RNI. Un retour en force de ce dernier n\u2019est pas \u00e0 \u00e9carter, s\u2019il r\u00e9ussit \u00e0 convaincre ses alli\u00e9s et \u00e0 rallier quelques dissidents du PAM. Le sc\u00e9nario n\u2019est pas improbable, d\u2019autant qu\u2019il permettrait au parti de la colombe de mieux pr\u00e9parer son offensive des urnes \u00e0 l\u2019aube des \u00e9ch\u00e9ances \u00e9lectorales de 2021.<\/p>\n<p class=\"rtejustify\">La seule inconnue reste le PJD qui, avec 16 voix, est la deuxi\u00e8me formation la plus repr\u00e9sent\u00e9e au Conseil de la r\u00e9gion. Rien n\u2019emp\u00eache le parti de la lampe d\u2019opter pour la pr\u00e9sidence mais, faute d\u2019appuis fermes, \u00e0 l\u2019exception du PPS, devenu un partenaire solide, il risque de devoir se conformer avec l\u2019une des vice-pr\u00e9sidences.<\/p>\n<p class=\"rtejustify\"><em>De notre correspondant permanent, Ali ABJIOU<\/em><\/p>\n<p class=\"rtejustify\">\u00a0<\/p>\n<p class=\"rtejustify\">\u00a0<\/p>\n<p class=\"rtejustify\">\u00a0<\/p>\n<p class=\"rtejustify\">\u00a0<\/p>\n<\/div>\n<p>Auteur: hlafriqi<br \/>\n<a href=\"https:\/\/www.leconomiste.com\/article\/1050994-nord-qui-succedera-el-omari\">Cliquez ici pour lire l&rsquo;article depuis sa source.<\/a><\/p>\n","protected":false},"excerpt":{"rendered":"<p>Son d\u00e9part laisse un vide difficile \u00e0 combler en cette p\u00e9riode de turbulences politiques RNI, PJD, Istiqlal, les formations avec le plus de chances La d\u00e9mission d\u2019El Omari de la pr\u00e9sidence de la r\u00e9gion a laiss\u00e9 un vide difficile \u00e0 combler en cette p\u00e9riode de pr\u00e9paration du nouveau gouvernement (Ph. Adam) Peu ou pas de [&hellip;]<\/p>\n","protected":false},"author":1763,"featured_media":63076,"comment_status":"closed","ping_status":"closed","sticky":false,"template":"","format":"standard","meta":{"fifu_image_url":"","fifu_image_alt":"","footnotes":""},"categories":[78,54],"tags":[],"class_list":["post-63075","post","type-post","status-publish","format-standard","has-post-thumbnail","hentry","category-economie","category-maroc"],"_links":{"self":[{"href":"https:\/\/linitiative.ca\/International\/wp-json\/wp\/v2\/posts\/63075","targetHints":{"allow":["GET"]}}],"collection":[{"href":"https:\/\/linitiative.ca\/International\/wp-json\/wp\/v2\/posts"}],"about":[{"href":"https:\/\/linitiative.ca\/International\/wp-json\/wp\/v2\/types\/post"}],"author":[{"embeddable":true,"href":"https:\/\/linitiative.ca\/International\/wp-json\/wp\/v2\/users\/1763"}],"replies":[{"embeddable":true,"href":"https:\/\/linitiative.ca\/International\/wp-json\/wp\/v2\/comments?post=63075"}],"version-history":[{"count":0,"href":"https:\/\/linitiative.ca\/International\/wp-json\/wp\/v2\/posts\/63075\/revisions"}],"wp:featuredmedia":[{"embeddable":true,"href":"https:\/\/linitiative.ca\/International\/wp-json\/"}],"wp:attachment":[{"href":"https:\/\/linitiative.ca\/International\/wp-json\/wp\/v2\/media?parent=63075"}],"wp:term":[{"taxonomy":"category","embeddable":true,"href":"https:\/\/linitiative.ca\/International\/wp-json\/wp\/v2\/categories?post=63075"},{"taxonomy":"post_tag","embeddable":true,"href":"https:\/\/linitiative.ca\/International\/wp-json\/wp\/v2\/tags?post=63075"}],"curies":[{"name":"wp","href":"https:\/\/api.w.org\/{rel}","templated":true}]}}