{"id":63095,"date":"2019-10-01T20:00:00","date_gmt":"2019-10-02T00:00:00","guid":{"rendered":"https:\/\/linitiative.ca\/International\/tizi-ouzou-colloque-sur-le-parcours-dait-ahmed\/"},"modified":"2019-10-01T20:00:00","modified_gmt":"2019-10-02T00:00:00","slug":"tizi-ouzou-colloque-sur-le-parcours-dait-ahmed","status":"publish","type":"post","link":"https:\/\/linitiative.ca\/International\/tizi-ouzou-colloque-sur-le-parcours-dait-ahmed\/","title":{"rendered":"Tizi-Ouzou  : Colloque sur le parcours d\u2019A\u00eft Ahmed"},"content":{"rendered":"<p>Un colloque international sur la pens\u00e9e et le parcours du chef historique et fondateur du Front des forces socialistes, le d\u00e9funt Hocine A\u00eft Ahmed, sera organis\u00e9 prochainement par l\u2019APW de Tizi-Ouzou, a fait savoir, lundi dernier, son pr\u00e9sident, Youcef Aouchiche.<br \/>A\u00eft Ahmed a consacr\u00e9 pr\u00e8s de 70 ans de sa vie \u00e0 militer en faveur de l\u2019instauration d\u2019un Etat de droit, des libert\u00e9s, du respect des diff\u00e9rences et l\u2019ind\u00e9pendance de la justice et d\u00e9fendant l\u2019unit\u00e9 nationale. Un grand hommage lui a \u00e9t\u00e9 rendu \u00e0 sa mort, en 2015, et un deuil national a \u00e9t\u00e9 observ\u00e9.\u00a0<br \/>Bel. Adrar<\/p>\n<p>Auteur: elmoudjahid<br \/>\n<a href=\"http:\/\/www.elmoudjahid.com\/fr\/actualites\/142657\">Cliquez ici pour lire l&rsquo;article depuis sa source.<\/a><\/p>\n","protected":false},"excerpt":{"rendered":"<p>Un colloque international sur la pens\u00e9e et le parcours du chef historique et fondateur du Front des forces socialistes, le d\u00e9funt Hocine A\u00eft Ahmed, sera organis\u00e9 prochainement par l\u2019APW de Tizi-Ouzou, a fait savoir, lundi dernier, son pr\u00e9sident, Youcef Aouchiche.A\u00eft Ahmed a consacr\u00e9 pr\u00e8s de 70 ans de sa vie \u00e0 militer en faveur de [&hellip;]<\/p>\n","protected":false},"author":1744,"featured_media":0,"comment_status":"closed","ping_status":"closed","sticky":false,"template":"","format":"standard","meta":{"fifu_image_url":"","fifu_image_alt":"","footnotes":""},"categories":[73,53],"tags":[],"class_list":["post-63095","post","type-post","status-publish","format-standard","hentry","category-actualite","category-algerie"],"_links":{"self":[{"href":"https:\/\/linitiative.ca\/International\/wp-json\/wp\/v2\/posts\/63095","targetHints":{"allow":["GET"]}}],"collection":[{"href":"https:\/\/linitiative.ca\/International\/wp-json\/wp\/v2\/posts"}],"about":[{"href":"https:\/\/linitiative.ca\/International\/wp-json\/wp\/v2\/types\/post"}],"author":[{"embeddable":true,"href":"https:\/\/linitiative.ca\/International\/wp-json\/wp\/v2\/users\/1744"}],"replies":[{"embeddable":true,"href":"https:\/\/linitiative.ca\/International\/wp-json\/wp\/v2\/comments?post=63095"}],"version-history":[{"count":0,"href":"https:\/\/linitiative.ca\/International\/wp-json\/wp\/v2\/posts\/63095\/revisions"}],"wp:attachment":[{"href":"https:\/\/linitiative.ca\/International\/wp-json\/wp\/v2\/media?parent=63095"}],"wp:term":[{"taxonomy":"category","embeddable":true,"href":"https:\/\/linitiative.ca\/International\/wp-json\/wp\/v2\/categories?post=63095"},{"taxonomy":"post_tag","embeddable":true,"href":"https:\/\/linitiative.ca\/International\/wp-json\/wp\/v2\/tags?post=63095"}],"curies":[{"name":"wp","href":"https:\/\/api.w.org\/{rel}","templated":true}]}}