{"id":63096,"date":"2019-10-01T20:00:00","date_gmt":"2019-10-02T00:00:00","guid":{"rendered":"https:\/\/linitiative.ca\/International\/deces-du-jeune-chanteur-mohamed-khames-zeghdi\/"},"modified":"2019-10-01T20:00:00","modified_gmt":"2019-10-02T00:00:00","slug":"deces-du-jeune-chanteur-mohamed-khames-zeghdi","status":"publish","type":"post","link":"https:\/\/linitiative.ca\/International\/deces-du-jeune-chanteur-mohamed-khames-zeghdi\/","title":{"rendered":"D\u00e9c\u00e8s du jeune chanteur Mohamed Kham\u00e8s Zeghdi"},"content":{"rendered":"<p>Le jeune chanteur Mohamed Kham\u00e8s Zeghdi (26 ans) est d\u00e9c\u00e9d\u00e9 lundi dernier devant son domicile \u00e0 El-Oued, a-t-on appris aupr\u00e8s de ses proches. Il a fait une chute du balcon de son domicile, qu\u2019il tentait d\u2019escalader pour ouvrir de l\u2019int\u00e9rieur le garage dont il a \u00e9gar\u00e9 les clefs, afin de garer son v\u00e9hicule, subissant de graves blessures \u00e0 la t\u00eate ayant entra\u00een\u00e9 le d\u00e9c\u00e8s, a-t-on pr\u00e9cis\u00e9.\u00a0<\/p>\n<p>Le d\u00e9funt, qui a commenc\u00e9 tr\u00e8s jeune (15 ans) sa carri\u00e8re de chanteur, a marqu\u00e9 de son empreinte la sc\u00e8ne artistique nationale, animant plusieurs galas, nationaux et aussi arabes, dont le festival de Carthage (Tunisie).<\/p>\n<p>\u00a0Il a \u00e9galement chant\u00e9 en duo avec des artistes arabes et a figur\u00e9 parmi les participants aux programmes \u00abFenane El-Arab\u00bb et \u00abAlhane oua Chabab-3\u00bb. Les services de Police et de la Protection civile se sont rendus sur les lieux de l\u2019accident et une enqu\u00eate a \u00e9t\u00e9 ouverte par la Police judiciaire pour en d\u00e9terminer les circonstances.<\/p>\n<p>Auteur: elmoudjahid<br \/>\n<a href=\"http:\/\/www.elmoudjahid.com\/fr\/actualites\/142658\">Cliquez ici pour lire l&rsquo;article depuis sa source.<\/a><\/p>\n","protected":false},"excerpt":{"rendered":"<p>Le jeune chanteur Mohamed Kham\u00e8s Zeghdi (26 ans) est d\u00e9c\u00e9d\u00e9 lundi dernier devant son domicile \u00e0 El-Oued, a-t-on appris aupr\u00e8s de ses proches. Il a fait une chute du balcon de son domicile, qu\u2019il tentait d\u2019escalader pour ouvrir de l\u2019int\u00e9rieur le garage dont il a \u00e9gar\u00e9 les clefs, afin de garer son v\u00e9hicule, subissant de [&hellip;]<\/p>\n","protected":false},"author":1744,"featured_media":0,"comment_status":"closed","ping_status":"closed","sticky":false,"template":"","format":"standard","meta":{"fifu_image_url":"","fifu_image_alt":"","footnotes":""},"categories":[73,53],"tags":[],"class_list":["post-63096","post","type-post","status-publish","format-standard","hentry","category-actualite","category-algerie"],"_links":{"self":[{"href":"https:\/\/linitiative.ca\/International\/wp-json\/wp\/v2\/posts\/63096","targetHints":{"allow":["GET"]}}],"collection":[{"href":"https:\/\/linitiative.ca\/International\/wp-json\/wp\/v2\/posts"}],"about":[{"href":"https:\/\/linitiative.ca\/International\/wp-json\/wp\/v2\/types\/post"}],"author":[{"embeddable":true,"href":"https:\/\/linitiative.ca\/International\/wp-json\/wp\/v2\/users\/1744"}],"replies":[{"embeddable":true,"href":"https:\/\/linitiative.ca\/International\/wp-json\/wp\/v2\/comments?post=63096"}],"version-history":[{"count":0,"href":"https:\/\/linitiative.ca\/International\/wp-json\/wp\/v2\/posts\/63096\/revisions"}],"wp:attachment":[{"href":"https:\/\/linitiative.ca\/International\/wp-json\/wp\/v2\/media?parent=63096"}],"wp:term":[{"taxonomy":"category","embeddable":true,"href":"https:\/\/linitiative.ca\/International\/wp-json\/wp\/v2\/categories?post=63096"},{"taxonomy":"post_tag","embeddable":true,"href":"https:\/\/linitiative.ca\/International\/wp-json\/wp\/v2\/tags?post=63096"}],"curies":[{"name":"wp","href":"https:\/\/api.w.org\/{rel}","templated":true}]}}