{"id":63097,"date":"2019-10-01T20:00:00","date_gmt":"2019-10-02T00:00:00","guid":{"rendered":"https:\/\/linitiative.ca\/International\/conseil-des-droits-de-lhomme-a-geneve-bouzid-lazhari-reelu-au-comite-consultatif\/"},"modified":"2019-10-01T20:00:00","modified_gmt":"2019-10-02T00:00:00","slug":"conseil-des-droits-de-lhomme-a-geneve-bouzid-lazhari-reelu-au-comite-consultatif","status":"publish","type":"post","link":"https:\/\/linitiative.ca\/International\/conseil-des-droits-de-lhomme-a-geneve-bouzid-lazhari-reelu-au-comite-consultatif\/","title":{"rendered":"Conseil des droits de l&rsquo;homme \u00e0 Gen\u00e8ve : Bouzid Lazhari r\u00e9\u00e9lu au Comit\u00e9 consultatif"},"content":{"rendered":"<p>Le professeur Bouzid Lazhari a \u00e9t\u00e9 r\u00e9\u00e9lu membre du Comit\u00e9 consultatif du Conseil des droits de l&rsquo;homme \u00e0 Gen\u00e8ve pour un mandat de trois ans. Il a \u00e9t\u00e9 r\u00e9\u00e9lu par le Conseil des droits de l&rsquo;homme (CDH) \u00e0 Gen\u00e8ve en qualit\u00e9 de membre du Comit\u00e9 consultatif du Conseil pour un mandat de trois ans. Six autres membres du Comit\u00e9 ont \u00e9t\u00e9 \u00e9lus lors de ce renouvellement partiel de la composition du Comit\u00e9. Ils repr\u00e9sentent les pays suivants : la Chine, l&rsquo;Egypte, l&rsquo;Espagne, la Russie, le Japon et l&rsquo;Uruguay.<br \/>Pour rappel, le Comit\u00e9 consultatif est un organe consultatif du Conseil des droits de l&rsquo;homme. Il est compos\u00e9 de 18 experts si\u00e9geant \u00e0 titre individuel. Agissant comme \u00e9tant un groupe de r\u00e9flexion, il fournit au CDH, \u00e0 sa demande, des services d&rsquo;expertise sous la forme d&rsquo;\u00e9tudes et d&rsquo;avis \u00e9tay\u00e9s par des recherches.<br \/>\u00a0<\/p>\n<p>Auteur: elmoudjahid<br \/>\n<a href=\"http:\/\/www.elmoudjahid.com\/fr\/actualites\/142659\">Cliquez ici pour lire l&rsquo;article depuis sa source.<\/a><\/p>\n","protected":false},"excerpt":{"rendered":"<p>Le professeur Bouzid Lazhari a \u00e9t\u00e9 r\u00e9\u00e9lu membre du Comit\u00e9 consultatif du Conseil des droits de l&rsquo;homme \u00e0 Gen\u00e8ve pour un mandat de trois ans. Il a \u00e9t\u00e9 r\u00e9\u00e9lu par le Conseil des droits de l&rsquo;homme (CDH) \u00e0 Gen\u00e8ve en qualit\u00e9 de membre du Comit\u00e9 consultatif du Conseil pour un mandat de trois ans. Six [&hellip;]<\/p>\n","protected":false},"author":1744,"featured_media":0,"comment_status":"closed","ping_status":"closed","sticky":false,"template":"","format":"standard","meta":{"fifu_image_url":"","fifu_image_alt":"","footnotes":""},"categories":[73,53],"tags":[],"class_list":["post-63097","post","type-post","status-publish","format-standard","hentry","category-actualite","category-algerie"],"_links":{"self":[{"href":"https:\/\/linitiative.ca\/International\/wp-json\/wp\/v2\/posts\/63097","targetHints":{"allow":["GET"]}}],"collection":[{"href":"https:\/\/linitiative.ca\/International\/wp-json\/wp\/v2\/posts"}],"about":[{"href":"https:\/\/linitiative.ca\/International\/wp-json\/wp\/v2\/types\/post"}],"author":[{"embeddable":true,"href":"https:\/\/linitiative.ca\/International\/wp-json\/wp\/v2\/users\/1744"}],"replies":[{"embeddable":true,"href":"https:\/\/linitiative.ca\/International\/wp-json\/wp\/v2\/comments?post=63097"}],"version-history":[{"count":0,"href":"https:\/\/linitiative.ca\/International\/wp-json\/wp\/v2\/posts\/63097\/revisions"}],"wp:attachment":[{"href":"https:\/\/linitiative.ca\/International\/wp-json\/wp\/v2\/media?parent=63097"}],"wp:term":[{"taxonomy":"category","embeddable":true,"href":"https:\/\/linitiative.ca\/International\/wp-json\/wp\/v2\/categories?post=63097"},{"taxonomy":"post_tag","embeddable":true,"href":"https:\/\/linitiative.ca\/International\/wp-json\/wp\/v2\/tags?post=63097"}],"curies":[{"name":"wp","href":"https:\/\/api.w.org\/{rel}","templated":true}]}}