{"id":63098,"date":"2019-10-01T20:00:00","date_gmt":"2019-10-02T00:00:00","guid":{"rendered":"https:\/\/linitiative.ca\/International\/algerie-coree-du-nord-consolider-les-relations-historiques\/"},"modified":"2019-10-01T20:00:00","modified_gmt":"2019-10-02T00:00:00","slug":"algerie-coree-du-nord-consolider-les-relations-historiques","status":"publish","type":"post","link":"https:\/\/linitiative.ca\/International\/algerie-coree-du-nord-consolider-les-relations-historiques\/","title":{"rendered":"Alg\u00e9rie &#8211; Cor\u00e9e du Nord  : Consolider les relations historiques"},"content":{"rendered":"<p>Le ministre des Moudjahidine, Tayeb Zitouni, a affirm\u00e9 lundi dernier l&rsquo;attachement de l&rsquo;Alg\u00e9rie \u00e0 consolider les relations historiques liant les peuples alg\u00e9rien et nord-cor\u00e9en, et \u00ab\u00e0 les d\u00e9velopper dans divers domaines\u00bb. Lors de l&rsquo;audience accord\u00e9e \u00e0 l&rsquo;ambassadeur de la R\u00e9publique populaire d\u00e9mocratique de Cor\u00e9e (Cor\u00e9e du Nord) \u00e0 Alger, M. Song Chang Sik, M. Zitouni a rappel\u00e9 les relations historiques \u00abprivil\u00e9gi\u00e9es\u00bb, consolid\u00e9es par le soutien de la Cor\u00e9e du Nord \u00e0 la cause alg\u00e9rienne et sa reconnaissance du Gouvernement provisoire de la R\u00e9publique alg\u00e9rienne (GPRA), le 25 septembre 1958, pr\u00e9cisant que les deux peuples partageaient la souffrance et l&rsquo;exp\u00e9rience am\u00e8re de la lutte contre le colonialisme et l&rsquo;oppression. L&rsquo;ambassadeur a soulign\u00e9 \u00abl&rsquo;important appui apport\u00e9 par l&rsquo;Alg\u00e9rie \u00e0 son pays\u00bb, exprimant la volont\u00e9 de la Cor\u00e9e du Nord de \u00abrenforcer les relations de coop\u00e9ration dans divers domaines\u00bb, en mettant \u00e0 profit son exp\u00e9rience en mati\u00e8re de r\u00e9alisation des mus\u00e9es et des st\u00e8les comm\u00e9moratives.<br \/>Le diplomate a \u00e9galement salu\u00e9 \u00ables r\u00e9alisations de l&rsquo;Alg\u00e9rie pour l&rsquo;ancrage de la m\u00e9moire collective historique\u00bb, \u00e0 travers la cr\u00e9ation de mus\u00e9es et de st\u00e8les comm\u00e9moratives glorifiant la guerre de Lib\u00e9ration nationale.<\/p>\n<p>Auteur: elmoudjahid<br \/>\n<a href=\"http:\/\/www.elmoudjahid.com\/fr\/actualites\/142660\">Cliquez ici pour lire l&rsquo;article depuis sa source.<\/a><\/p>\n","protected":false},"excerpt":{"rendered":"<p>Le ministre des Moudjahidine, Tayeb Zitouni, a affirm\u00e9 lundi dernier l&rsquo;attachement de l&rsquo;Alg\u00e9rie \u00e0 consolider les relations historiques liant les peuples alg\u00e9rien et nord-cor\u00e9en, et \u00ab\u00e0 les d\u00e9velopper dans divers domaines\u00bb. Lors de l&rsquo;audience accord\u00e9e \u00e0 l&rsquo;ambassadeur de la R\u00e9publique populaire d\u00e9mocratique de Cor\u00e9e (Cor\u00e9e du Nord) \u00e0 Alger, M. Song Chang Sik, M. Zitouni [&hellip;]<\/p>\n","protected":false},"author":1744,"featured_media":0,"comment_status":"closed","ping_status":"closed","sticky":false,"template":"","format":"standard","meta":{"fifu_image_url":"","fifu_image_alt":"","footnotes":""},"categories":[73,53],"tags":[],"class_list":["post-63098","post","type-post","status-publish","format-standard","hentry","category-actualite","category-algerie"],"_links":{"self":[{"href":"https:\/\/linitiative.ca\/International\/wp-json\/wp\/v2\/posts\/63098","targetHints":{"allow":["GET"]}}],"collection":[{"href":"https:\/\/linitiative.ca\/International\/wp-json\/wp\/v2\/posts"}],"about":[{"href":"https:\/\/linitiative.ca\/International\/wp-json\/wp\/v2\/types\/post"}],"author":[{"embeddable":true,"href":"https:\/\/linitiative.ca\/International\/wp-json\/wp\/v2\/users\/1744"}],"replies":[{"embeddable":true,"href":"https:\/\/linitiative.ca\/International\/wp-json\/wp\/v2\/comments?post=63098"}],"version-history":[{"count":0,"href":"https:\/\/linitiative.ca\/International\/wp-json\/wp\/v2\/posts\/63098\/revisions"}],"wp:attachment":[{"href":"https:\/\/linitiative.ca\/International\/wp-json\/wp\/v2\/media?parent=63098"}],"wp:term":[{"taxonomy":"category","embeddable":true,"href":"https:\/\/linitiative.ca\/International\/wp-json\/wp\/v2\/categories?post=63098"},{"taxonomy":"post_tag","embeddable":true,"href":"https:\/\/linitiative.ca\/International\/wp-json\/wp\/v2\/tags?post=63098"}],"curies":[{"name":"wp","href":"https:\/\/api.w.org\/{rel}","templated":true}]}}