{"id":63237,"date":"2019-10-03T14:54:46","date_gmt":"2019-10-03T18:54:46","guid":{"rendered":"https:\/\/linitiative.ca\/International\/la-federation-du-commerce-et-services-sattaque-a-la-transformation-digitale\/"},"modified":"2019-10-03T14:54:46","modified_gmt":"2019-10-03T18:54:46","slug":"la-federation-du-commerce-et-services-sattaque-a-la-transformation-digitale","status":"publish","type":"post","link":"https:\/\/linitiative.ca\/International\/la-federation-du-commerce-et-services-sattaque-a-la-transformation-digitale\/","title":{"rendered":"La F\u00e9d\u00e9ration du Commerce et Services s\u2019attaque \u00e0 la transformation digitale"},"content":{"rendered":"<p><strong>A travers ces rencontres, la F\u00e9d\u00e9ration entend identifier les besoins et probl\u00e9matiques de ses membres.<\/strong><\/p>\n<div class=\"c10\"\/>\n<p>La F\u00e9d\u00e9ration du Commerce et Services (FCS) de la CGEM a lanc\u00e9 ce jeudi un <strong>Digital Workshop<\/strong> dans le but de sensibiliser les PME et les professionnels aux enjeux de la transformation digitale et de les accompagner pour r\u00e9ussir ce processus.<\/p>\n<p>Au programme de cette tourn\u00e9e r\u00e9gionale, organis\u00e9e sous le th\u00e8me \u00ab\u00a0Digitalisation, un vecteur de performance\u00a0\u00bb, figurent des tables rondes et des ateliers pratiques anim\u00e9s par des experts du digital et du num\u00e9rique. La F\u00e9d\u00e9ration entend ainsi identifier les besoins et probl\u00e9matiques de ses membres afin d\u2019y apporter des solutions concr\u00e8tes. \u00ab\u00a0Notre objectif est d\u2019accompagner les entreprises du secteur qui entament leur premier pas vers leur mutation digitale \u00e0 travers du contenu simple et p\u00e9dagogique\u00a0\u00bb, souligne Bouchra Outaghani, pr\u00e9sidente de la <strong>F\u00e9d\u00e9ration du Commerce et Services<\/strong>.<\/p>\n<p>Lire aussi : <a href=\"https:\/\/www.challenge.ma\/regions-la-fcs-deploie-des-formations-certifiantes-au-profit-des-entreprises-113524\/\" target=\"_blank\" rel=\"noreferrer noopener\" aria-label=\"R\u00e9gions\u00a0: la FCS d\u00e9ploie des formations certifiantes au profit des entreprises (s\u2019ouvre dans un nouvel onglet)\">R\u00e9gions\u00a0: la FCS d\u00e9ploie des formations certifiantes au profit des entreprises<\/a><\/p>\n<p>La premi\u00e8re escale du FCS Digital Workshop est pr\u00e9vue le 9 octobre \u00e0 Rabat en coordination avec la CGEM-Rabat Sal\u00e9 Kenitra. Cette \u00e9tape sera organis\u00e9e en partenariat avec la Caisse centrale de Garantie (CCG) qui y pr\u00e9sentera ses produits relatifs au digital et \u00e0 l\u2019innovation.<\/p>\n<div class=\"c17\">\n<fieldset class=\"c16\">\n<legend><strong><span class=\"c11\">Challenge<\/span><span class=\"c12\">news<\/span><\/strong><\/legend>\n<div class=\"c15\">Le meilleur de la r\u00e9daction s\u00e9lectionn\u00e9 par Challenge :<\/p>\n<\/div>\n<\/fieldset>\n<\/div>\n<p>Auteur: Karim Handaoui<br \/>\n<a href=\"https:\/\/www.challenge.ma\/la-federation-du-commerce-et-services-sattaque-a-la-transformation-digitale-119098\/\">Cliquez ici pour lire l&rsquo;article depuis sa source.<\/a><\/p>\n","protected":false},"excerpt":{"rendered":"<p>A travers ces rencontres, la F\u00e9d\u00e9ration entend identifier les besoins et probl\u00e9matiques de ses membres. La F\u00e9d\u00e9ration du Commerce et Services (FCS) de la CGEM a lanc\u00e9 ce jeudi un Digital Workshop dans le but de sensibiliser les PME et les professionnels aux enjeux de la transformation digitale et de les accompagner pour r\u00e9ussir ce [&hellip;]<\/p>\n","protected":false},"author":1787,"featured_media":0,"comment_status":"closed","ping_status":"closed","sticky":false,"template":"","format":"standard","meta":{"fifu_image_url":"","fifu_image_alt":"","footnotes":""},"categories":[78,54],"tags":[],"class_list":["post-63237","post","type-post","status-publish","format-standard","hentry","category-economie","category-maroc"],"_links":{"self":[{"href":"https:\/\/linitiative.ca\/International\/wp-json\/wp\/v2\/posts\/63237","targetHints":{"allow":["GET"]}}],"collection":[{"href":"https:\/\/linitiative.ca\/International\/wp-json\/wp\/v2\/posts"}],"about":[{"href":"https:\/\/linitiative.ca\/International\/wp-json\/wp\/v2\/types\/post"}],"author":[{"embeddable":true,"href":"https:\/\/linitiative.ca\/International\/wp-json\/wp\/v2\/users\/1787"}],"replies":[{"embeddable":true,"href":"https:\/\/linitiative.ca\/International\/wp-json\/wp\/v2\/comments?post=63237"}],"version-history":[{"count":0,"href":"https:\/\/linitiative.ca\/International\/wp-json\/wp\/v2\/posts\/63237\/revisions"}],"wp:attachment":[{"href":"https:\/\/linitiative.ca\/International\/wp-json\/wp\/v2\/media?parent=63237"}],"wp:term":[{"taxonomy":"category","embeddable":true,"href":"https:\/\/linitiative.ca\/International\/wp-json\/wp\/v2\/categories?post=63237"},{"taxonomy":"post_tag","embeddable":true,"href":"https:\/\/linitiative.ca\/International\/wp-json\/wp\/v2\/tags?post=63237"}],"curies":[{"name":"wp","href":"https:\/\/api.w.org\/{rel}","templated":true}]}}