{"id":63256,"date":"2019-10-03T16:18:03","date_gmt":"2019-10-03T20:18:03","guid":{"rendered":"https:\/\/linitiative.ca\/International\/euphrasie-yao-propose-des-solutions-pour-leradication-du-fleau-denfants-sans-etat-civil\/"},"modified":"2019-10-03T16:18:03","modified_gmt":"2019-10-03T20:18:03","slug":"euphrasie-yao-propose-des-solutions-pour-leradication-du-fleau-denfants-sans-etat-civil","status":"publish","type":"post","link":"https:\/\/linitiative.ca\/International\/euphrasie-yao-propose-des-solutions-pour-leradication-du-fleau-denfants-sans-etat-civil\/","title":{"rendered":"Euphrasie Yao propose des solutions pour l\u2019\u00e9radication du fl\u00e9au d\u2019enfants sans \u00e9tat civil"},"content":{"rendered":"<div readability=\"32\">\n<p>Publi\u00e9 le 03.10.2019 \u00e0 21h18 par APA News<\/p>\n<\/div>\n<div readability=\"114\">\n<p>La titulaire de la Chaire UNESCO \u00abEau, Femmes et Pouvoir de D\u00e9cisions \u00bb Euphrasie Kouassi Yao, \u00e9galement Coordinatrice du programme Compendium des comp\u00e9tences f\u00e9minines de C\u00f4te d\u2019Ivoire (COCOFCI) a propos\u00e9, mercredi, devant des d\u00e9put\u00e9s ivoiriens des solutions pour l\u2019\u00e9radication du fl\u00e9au d\u2019enfants sans \u00e9tat civil, d\u00e9plorant que ces enfants soient VIP (victimes de l\u2019ignorance de leurs parents).Mme Yao a fait ses propositions lors d\u2019une table ronde qui a suivi la projection du film \u00ables enfants fant\u00f4mes\u00bb d\u2019Afrique qui met en exergue la \u00a0probl\u00e9matique de la d\u00e9claration des naissances ou des enfants sans document l\u00e9gal d\u2019existence sur le continent.<\/p>\n<p>D\u2019une dur\u00e9e de 52 minutes, ce film r\u00e9alis\u00e9 au S\u00e9n\u00e9gal, au Mali et au Burkina Faso a \u00e9t\u00e9 projet\u00e9 \u00e0 l\u2019Assembl\u00e9e nationale ivoirienne devant les d\u00e9put\u00e9s membres de la Commission des affaires g\u00e9n\u00e9rales et intentionnelles pr\u00e9sid\u00e9e par l\u2019honorable Abdoulaye Sidib\u00e9.<\/p>\n<p>Pour Euphrasie Kouassi Yao, la d\u00e9claration d\u2019un enfant \u00e0 l\u2019\u00e9tat civil est un \u00ab probl\u00e8me qui concerne d\u2019abord les parents, la famille et la communaut\u00e9 \u00bb, car, a-t-elle insist\u00e9, \u00ab un enfant appartient d\u2019abord \u00e0 sa communaut\u00e9 \u00bb.<\/p>\n<p>Au nombre des solutions propos\u00e9es, figurent non seulement la mise au-devant des femmes leaders depuis les universit\u00e9s jusqu\u2019au milieu rural, mais \u00e9galement la mise de la communaut\u00e9 au centre du d\u00e9veloppement.<\/p>\n<p>\u00abNous les femmes du Compendium, nous disons que quand nous mettons les femmes leaders que nous sommes depuis les universit\u00e9s jusqu\u2019au milieu rural, on trouve toujours la solution \u00bb, a poursuivi Mme Yao, \u00e9galement Conseill\u00e8re sp\u00e9ciale du pr\u00e9sident Alassane Ouattara charg\u00e9e des questions du Genre.<\/p>\n<p>Poursuivant, elle s\u2019est appuy\u00e9e sur l\u2019exemple dans le domaine de l\u2019eau. \u00a0\u00abOn a \u00e9t\u00e9 prim\u00e9 au niveau international parce qu\u2019on a propos\u00e9 une strat\u00e9gie qui prend en compte la participation, la d\u00e9cision, l\u2019action et la formation\u00bb dans la gestion des pompes hydrauliques en milieu rural.<\/p>\n<p>\u00ab A chaque fois on a r\u00e9ussi (\u2026) Nous sommes 15 000 femmes au Compendium. Nous voulons g\u00e9n\u00e9rer des r\u00e9seaux selon nos convictions. On va d\u00e9velopper des strat\u00e9gies comme quand il s\u2019est agi d\u2019inscrire les femmes sur la liste \u00e9lectorale\u00bb, a encore expliqu\u00e9 Euphrasie Kouassi Yao, exprimant la disponibilit\u00e9 du Compendium \u00e0 aider \u00e0 l\u2019am\u00e9lioration du taux de d\u00e9claration des naissances dans le pays.<\/p>\n<p>\u00ab La CEI (Commission \u00e9lectorale ind\u00e9pendante) nous a fait appel et on a r\u00e9gl\u00e9 le probl\u00e8me. En trois semaines, on est arriv\u00e9 \u00e0 49% de femmes \u00bb inscrites sur la liste \u00e9lectorale, a-t-elle poursuivi en ajoutant qu\u2019il \u00ab faut faire confiance aux femmes leaders. L\u2019Afrique va s\u2019en sortir \u00bb.<\/p>\n<p>La Chaire UNESCO \u00abEau, Femmes et Pouvoir de D\u00e9cisions \u00bb et le programme Compendium des comp\u00e9tences f\u00e9minines de C\u00f4te d\u2019Ivoire organisent avec le notariat fran\u00e7ais, la 5\u00e8 \u00e9dition du Land of african business (LAB) du 02 au 04 octobre 2019 en collaboration avec la chambre de Commerce d\u2019industrie de C\u00f4te d\u2019Ivoire.<\/p>\n<p>Le Land of african business (LAB) est une plateforme de r\u00e9flexion sur les opportunit\u00e9s d\u2019actions pour l\u2019Afrique fond\u00e9 en 2014. Il a pour objectif de promouvoir les initiatives inclusives sur le continent africain dans des domaines porteurs de richesses : \u00e9ducation, Ntic, transports, fintech, agro-business, Genre et justice sociale etc.<\/p>\n<p>Depuis sa cr\u00e9ation, le LAB organise des rencontres annuelles en f\u00e9d\u00e9rant de jeunes entrepreneurs du continent africain et en accompagnant les \u00abBest Practices (meilleures pratiques)\u00bb pour en faire des champions de d\u00e9veloppement.<\/p>\n<\/div>\n<p>Auteur: APA News<br \/>\n<a href=\"https:\/\/www.journalducameroun.com\/euphrasie-yao-propose-des-solutions-pour-leradication-du-fleau-denfants-sans-etat-civil\/\">Cliquez ici pour lire l&rsquo;article depuis sa source.<\/a><\/p>\n","protected":false},"excerpt":{"rendered":"<p>Publi\u00e9 le 03.10.2019 \u00e0 21h18 par APA News La titulaire de la Chaire UNESCO \u00abEau, Femmes et Pouvoir de D\u00e9cisions \u00bb Euphrasie Kouassi Yao, \u00e9galement Coordinatrice du programme Compendium des comp\u00e9tences f\u00e9minines de C\u00f4te d\u2019Ivoire (COCOFCI) a propos\u00e9, mercredi, devant des d\u00e9put\u00e9s ivoiriens des solutions pour l\u2019\u00e9radication du fl\u00e9au d\u2019enfants sans \u00e9tat civil, d\u00e9plorant que [&hellip;]<\/p>\n","protected":false},"author":1965,"featured_media":0,"comment_status":"closed","ping_status":"closed","sticky":false,"template":"","format":"standard","meta":{"fifu_image_url":"","fifu_image_alt":"","footnotes":""},"categories":[73,82],"tags":[],"class_list":["post-63256","post","type-post","status-publish","format-standard","hentry","category-actualite","category-cameroun"],"_links":{"self":[{"href":"https:\/\/linitiative.ca\/International\/wp-json\/wp\/v2\/posts\/63256","targetHints":{"allow":["GET"]}}],"collection":[{"href":"https:\/\/linitiative.ca\/International\/wp-json\/wp\/v2\/posts"}],"about":[{"href":"https:\/\/linitiative.ca\/International\/wp-json\/wp\/v2\/types\/post"}],"author":[{"embeddable":true,"href":"https:\/\/linitiative.ca\/International\/wp-json\/wp\/v2\/users\/1965"}],"replies":[{"embeddable":true,"href":"https:\/\/linitiative.ca\/International\/wp-json\/wp\/v2\/comments?post=63256"}],"version-history":[{"count":0,"href":"https:\/\/linitiative.ca\/International\/wp-json\/wp\/v2\/posts\/63256\/revisions"}],"wp:attachment":[{"href":"https:\/\/linitiative.ca\/International\/wp-json\/wp\/v2\/media?parent=63256"}],"wp:term":[{"taxonomy":"category","embeddable":true,"href":"https:\/\/linitiative.ca\/International\/wp-json\/wp\/v2\/categories?post=63256"},{"taxonomy":"post_tag","embeddable":true,"href":"https:\/\/linitiative.ca\/International\/wp-json\/wp\/v2\/tags?post=63256"}],"curies":[{"name":"wp","href":"https:\/\/api.w.org\/{rel}","templated":true}]}}