{"id":63258,"date":"2019-10-03T16:50:03","date_gmt":"2019-10-03T20:50:03","guid":{"rendered":"https:\/\/linitiative.ca\/International\/journee-de-violence-en-irak-30-morts-en-trois-jours-de-manifestations\/"},"modified":"2019-10-03T16:50:03","modified_gmt":"2019-10-03T20:50:03","slug":"journee-de-violence-en-irak-30-morts-en-trois-jours-de-manifestations","status":"publish","type":"post","link":"https:\/\/linitiative.ca\/International\/journee-de-violence-en-irak-30-morts-en-trois-jours-de-manifestations\/","title":{"rendered":"Journ\u00e9e de violence en Irak, 30 morts en trois jours de manifestations"},"content":{"rendered":"<p>L\u2019Irak a v\u00e9cu jeudi sa journ\u00e9e la plus sanglante depuis le d\u00e9but mardi de manifestations au cours desquelles 30 personnes ont \u00e9t\u00e9 tu\u00e9es avec des affrontements d\u2019une violence in\u00e9dite entre protestataires et forces de s\u00e9curit\u00e9.<\/p>\n<p>Parti de Bagdad, le mouvement r\u00e9clamant des emplois pour la jeunesse et le d\u00e9part des dirigeants \u00ab\u00a0corrompus\u00a0\u00bb a d\u00e9sormais gagn\u00e9 la quasi-totalit\u00e9 du sud du pays et franchi un nouveau pallier dans la violence, avec des dizaines de bless\u00e9s par balles dans diverses villes du pays, dont la capitale, deuxi\u00e8me plus peupl\u00e9e du monde arabe.<\/p>\n<p>Si la contestation est le premier test populaire pour le gouvernement d\u2019Adel Abdel Mahdi, qui doit souffler sa premi\u00e8re bougie \u00e0 la fin du mois, la journ\u00e9e de vendredi sera un important test politique pour le chef de gouvernement, avec le sermon du grand ayatollah Ali Sistani.<\/p>\n<p>Plus haute autorit\u00e9 religieuse pour la grande majorit\u00e9 des chiites d\u2019Irak, il passe pour avoir son mot \u00e0 dire, notamment pour nommer et d\u00e9mettre les Premiers ministres. Son pr\u00eache pourrait \u00e9ventuellement donner un signal aux manifestants sur la suite du mouvement.<\/p>\n<p>M. Abdel Mahdi ne s\u2019est exprim\u00e9 jusqu\u2019ici que par communiqu\u00e9, saluant \u00ab\u00a0la retenue des forces arm\u00e9es\u00a0\u00bb et annon\u00e7ant le couvre-feu \u00e0 Bagdad, tandis que son bureau affirmait avoir rencontr\u00e9 des \u00ab\u00a0repr\u00e9sentants des manifestants\u00a0\u00bb.<\/p>\n<p>Les autorit\u00e9s, qui d\u00e9noncent des \u00ab\u00a0saboteurs\u00a0\u00bb et proposent aux protestataires d\u2019appeler un num\u00e9ro vert pour faire part de leurs revendications, semblent avoir choisi la fermet\u00e9, une d\u00e9cision critiqu\u00e9e jeudi par Amnesty Internatiobnal.<\/p>\n<p>L\u2019organisation a exhort\u00e9 Bagdad \u00e0 \u00ab\u00a0ordonner imm\u00e9diatement aux forces de s\u00e9curit\u00e9 de cesser d\u2019utiliser une force, notamment l\u00e9tale, excessive\u00a0\u00bb et \u00e0 r\u00e9tablir la connexion, internet \u00e9tant toujours coup\u00e9 dans une grande partie du pays et les r\u00e9seaux sociaux inaccessibles.<\/p>\n<p>En soir\u00e9e, les affrontements se sont poursuivis dans plusieurs villes du sud de l\u2019Irak, ainsi qu\u2019\u00e0 Bagdad o\u00f9 les blind\u00e9s des forces sp\u00e9ciales sont entr\u00e9s en action pour repousser la foule, les forces de l\u2019ordre tirant sur le sol des balles qui ricochaient sur les manifestants, aussit\u00f4t transport\u00e9s \u00e0 bord de touk-touk par des camarades, a constat\u00e9 un photographe de l\u2019AFP.<\/p>\n<p>Sans entamer la d\u00e9termination d\u2019Ali, dipl\u00f4m\u00e9 ch\u00f4meur de 22 ans qui pr\u00e9vient: \u00ab\u00a0on continuera jusqu\u2019\u00e0 la chute du r\u00e9gime\u00a0\u00bb. \u00ab\u00a0Je veux travailler, je veux pouvoir me marier, je n\u2019ai en poche que 250 dinars\u00a0\u00bb, soit moins de 20 centimes d\u2019euros, lance-t-il \u00e0 l\u2019AFP. Alors, dit-il, que \u00ab\u00a0les dirigeants brassent des millions\u00a0\u00bb dans le douzi\u00e8me pays le plus corrompu au monde, selon Transparency International.<\/p>\n<p>Abou Jaafar, retrait\u00e9 aux cheveux blancs, observait lui les affrontements, affirmant \u00eatre venu \u00ab\u00a0en soutien aux jeunes\u00a0\u00bb. \u00ab\u00a0Pourquoi les policiers tirent-ils sur des Irakiens comme eux? Eux aussi souffrent comme nous, ils devraient nous aider et nous prot\u00e9ger\u00a0\u00bb, s\u2019emporte-t-il.<\/p>\n<p>Fait in\u00e9dit en Irak, le mouvement est n\u00e9 sur les r\u00e9seaux sociaux d\u2019appels qu\u2019aucun parti politique ou leader religieux n\u2019a revendiqu\u00e9s.<\/p>\n<p>Endeuill\u00e9e par 30 morts \u201328 manifestants et deux policiers\u2013, dont 18 dans la seule province m\u00e9ridionale de Zi Qar, la contestation a tourn\u00e9 jeudi \u00e0 la bataille rang\u00e9e \u00e0 Bagdad sur des axes menant \u00e0 la place Tahrir, rendez-vous embl\u00e9matique des contestataires.<\/p>\n<p>Manifestants d\u2019un c\u00f4t\u00e9 et policiers anti\u00e9meutes et militaires de l\u2019autre se repoussaient par vagues dans la cit\u00e9 de neuf millions d\u2019habitants, plac\u00e9e sous couvre-feu et o\u00f9 les fonctionnaires \u2013la majorit\u00e9 des travailleurs du pays\u2013 ont \u00e9t\u00e9 appel\u00e9s \u00e0 rester chez eux, a constat\u00e9 un photographe de l\u2019AFP.<\/p>\n<p>Pour faire reculer plusieurs milliers de protestataires arriv\u00e9s \u00e0 bord de camions en brandissant des drapeaux, les forces de s\u00e9curit\u00e9 tiraient \u00e0 balles r\u00e9elles, \u00e0 bord de blind\u00e9s.<\/p>\n<p>Sur la place al-Tayyaran dans le centre de Bagdad, les manifestants s\u2019en sont pris \u00e0 ces v\u00e9hicules, en incendiant deux, a rapport\u00e9 un photographe de l\u2019AFP.<\/p>\n<p>\u2013 R\u00e9cup\u00e9ration politique? \u2013<\/p>\n<p>Si les manifestants disent redouter la r\u00e9pression, ils d\u00e9noncent un ennemi plus dangereux: la r\u00e9cup\u00e9ration politique.<\/p>\n<p>Ils assurent ne pas avoir de leader et uniquement r\u00e9clamer des services publics fonctionnels apr\u00e8s des d\u00e9cennies de p\u00e9nurie d\u2019\u00e9lectricit\u00e9 et d\u2019eau potable, des emplois pour les 25% de jeunes au ch\u00f4mage, et la fin de la corruption qui a englouti en 16 ans plus de 410 milliards d\u2019euros.<\/p>\n<p>Mais un appel du tr\u00e8s versatile leader chiite Moqtada Sadr \u2013qui a rejoint la coalition gouvernementale mais menace r\u00e9guli\u00e8rement de la faire \u00e9clater\u2013 pourrait changer la donne.<\/p>\n<p>Il a demand\u00e9 mercredi soir \u00e0 ses tr\u00e8s nombreux partisans, qui avaient d\u00e9j\u00e0 paralys\u00e9 le pays en 2016 avec des manifestations \u00e0 Bagdad, d\u2019organiser des \u00ab\u00a0sit-ins pacifiques\u00a0\u00bb. S\u2019ils le font effectivement et d\u00e9cident de passer la nuit sur les places de Bagdad et du sud irakien, le bras de fer va se durcir.<\/p>\n<p>Tandis que Bagdad s\u2019embrase et que manifestations et violences touchent les provinces de Najaf, Missane, Zi Qar, Wassit, Diwaniya, Babylone et jusqu\u2019\u00e0 Bassora, le calme pr\u00e9vaut au nord et \u00e0 l\u2019ouest de Bagdad, r\u00e9gions principalement sunnites et ravag\u00e9es par la guerre contre l\u2019EI, ainsi qu\u2019au Kurdistan autonome.<\/p>\n<p>Bagdad cristallise les violences car les protestataires cherchent \u00e0 prendre la place Tahrir, s\u00e9par\u00e9e de l\u2019ultrasensible Zone verte \u2013o\u00f9 si\u00e8gent les principales institutions du pays et l\u2019ambassade am\u00e9ricaine,\u2013 uniquement par un pont, al-Joumhouriya, boucl\u00e9 par les forces de l\u2019ordre.<\/p>\n<p>Auteur: AFP<br \/>\n<a href=\"https:\/\/www.journalducameroun.com\/journee-de-violence-en-irak-30-morts-en-trois-jours-de-manifestations\/\">Cliquez ici pour lire l&rsquo;article depuis sa source.<\/a><\/p>\n","protected":false},"excerpt":{"rendered":"<p>L\u2019Irak a v\u00e9cu jeudi sa journ\u00e9e la plus sanglante depuis le d\u00e9but mardi de manifestations au cours desquelles 30 personnes ont \u00e9t\u00e9 tu\u00e9es avec des affrontements d\u2019une violence in\u00e9dite entre protestataires et forces de s\u00e9curit\u00e9. Parti de Bagdad, le mouvement r\u00e9clamant des emplois pour la jeunesse et le d\u00e9part des dirigeants \u00ab\u00a0corrompus\u00a0\u00bb a d\u00e9sormais gagn\u00e9 [&hellip;]<\/p>\n","protected":false},"author":1965,"featured_media":0,"comment_status":"closed","ping_status":"closed","sticky":false,"template":"","format":"standard","meta":{"fifu_image_url":"","fifu_image_alt":"","footnotes":""},"categories":[73,82],"tags":[],"class_list":["post-63258","post","type-post","status-publish","format-standard","hentry","category-actualite","category-cameroun"],"_links":{"self":[{"href":"https:\/\/linitiative.ca\/International\/wp-json\/wp\/v2\/posts\/63258","targetHints":{"allow":["GET"]}}],"collection":[{"href":"https:\/\/linitiative.ca\/International\/wp-json\/wp\/v2\/posts"}],"about":[{"href":"https:\/\/linitiative.ca\/International\/wp-json\/wp\/v2\/types\/post"}],"author":[{"embeddable":true,"href":"https:\/\/linitiative.ca\/International\/wp-json\/wp\/v2\/users\/1965"}],"replies":[{"embeddable":true,"href":"https:\/\/linitiative.ca\/International\/wp-json\/wp\/v2\/comments?post=63258"}],"version-history":[{"count":0,"href":"https:\/\/linitiative.ca\/International\/wp-json\/wp\/v2\/posts\/63258\/revisions"}],"wp:attachment":[{"href":"https:\/\/linitiative.ca\/International\/wp-json\/wp\/v2\/media?parent=63258"}],"wp:term":[{"taxonomy":"category","embeddable":true,"href":"https:\/\/linitiative.ca\/International\/wp-json\/wp\/v2\/categories?post=63258"},{"taxonomy":"post_tag","embeddable":true,"href":"https:\/\/linitiative.ca\/International\/wp-json\/wp\/v2\/tags?post=63258"}],"curies":[{"name":"wp","href":"https:\/\/api.w.org\/{rel}","templated":true}]}}