{"id":63259,"date":"2019-10-03T17:18:03","date_gmt":"2019-10-03T21:18:03","guid":{"rendered":"https:\/\/linitiative.ca\/International\/fatoumata-sissoko-sy-prend-la-tete-de-proparco-afrique-de-louest\/"},"modified":"2019-10-03T17:18:03","modified_gmt":"2019-10-03T21:18:03","slug":"fatoumata-sissoko-sy-prend-la-tete-de-proparco-afrique-de-louest","status":"publish","type":"post","link":"https:\/\/linitiative.ca\/International\/fatoumata-sissoko-sy-prend-la-tete-de-proparco-afrique-de-louest\/","title":{"rendered":"Fatoumata Sissoko-Sy prend la t\u00eate de PROPARCO Afrique de l\u2019Ouest"},"content":{"rendered":"<div readability=\"32\">\n<p>Publi\u00e9 le 03.10.2019 \u00e0 22h18 par APA News<\/p>\n<\/div>\n<div readability=\"79\">\n<p>La nouvelle directrice r\u00e9gionale Afrique de l\u2019ouest de la soci\u00e9t\u00e9 de Promotion et participation pour la coop\u00e9ration \u00e9conomique (PROPARCO), une filiale de l\u2019Agence fran\u00e7aise de d\u00e9veloppement (AFD) d\u00e9di\u00e9e au financement du secteur priv\u00e9, Fatoumata Sissoko-Sy, a \u00e9t\u00e9 pr\u00e9sent\u00e9e, mercredi soir \u00e0 Abidjan par les responsables de cette institution au cours d\u2019une c\u00e9r\u00e9monie.Mme Sissoko-Sy qui \u00e9tait auparavant la responsable des investissements pour l\u2019Afrique de l\u2019ouest au sein de PROPARCO remplace \u00e0 ce poste Beno\u00eet Lagente.<\/p>\n<p>\u00ab Nous entendons renforcer l\u2019action de PROPARCO sur le terrain et \u00e0 destination des PME avec une action forte qui sont des flux financiers cons\u00e9quents. PROPARCO s\u2019engage \u00e0 accompagner les entreprises. Nous mettons \u00e0 la dispositions des banques locales des lignes de financement pour qu\u2019elles puissent \u00e0 leur tour, orienter ces flux vers les PME \u00bb, a promis Mme Sissoko-Sy.<\/p>\n<p>Selon elle, il est important d\u2019accentuer l\u2019implication du secteur priv\u00e9 dans les projets. \u00ab Nous avons un portefeuille en Afrique de l\u2019ouest d\u2019environ 600 millions d\u2019Euros (plus de 390 milliards FCFA) \u00a0avec la moiti\u00e9 sur la C\u00f4te d\u2019Ivoire \u00bb, a \u00e9galement fait savoir Mme Sissoko-Sy.<\/p>\n<p>\u00a0La nouvelle directrice r\u00e9gionale Afrique de l\u2019ouest de PROPARCO, rappelle-t-on, a rejoint le groupe de l\u2019AFD en 2014. L\u2019AFD est une institution financi\u00e8re publique et solidaire qui se veut l\u2019acteur central de la politique de d\u00e9veloppement de la France.<\/p>\n<p>Elle s\u2019engage sur des projets qui am\u00e9liorent concr\u00e8tement le quotidien des populations dans les pays en d\u00e9veloppement, \u00e9mergents et d\u2019outre-mer.<\/p>\n<p>Bas\u00e9e \u00e0 Abidjan, la direction r\u00e9gionale Afrique de l\u2019ouest de PROPARCO couvre 14 pays que sont le B\u00e9nin, le Burkina Faso, le Cap Vert, la C\u00f4te d\u2019Ivoire, la Gambie, le Ghana, la Guin\u00e9e, la Guin\u00e9e-Bissau, le Lib\u00e9ria, le Mali, le Niger, le S\u00e9n\u00e9gal, la Sierra-Leone et le Togo.<\/p>\n<\/div>\n<p>Auteur: APA News<br \/>\n<a href=\"https:\/\/www.journalducameroun.com\/fatoumata-sissoko-sy-prend-la-tete-de-proparco-afrique-de-louest\/\">Cliquez ici pour lire l&rsquo;article depuis sa source.<\/a><\/p>\n","protected":false},"excerpt":{"rendered":"<p>Publi\u00e9 le 03.10.2019 \u00e0 22h18 par APA News La nouvelle directrice r\u00e9gionale Afrique de l\u2019ouest de la soci\u00e9t\u00e9 de Promotion et participation pour la coop\u00e9ration \u00e9conomique (PROPARCO), une filiale de l\u2019Agence fran\u00e7aise de d\u00e9veloppement (AFD) d\u00e9di\u00e9e au financement du secteur priv\u00e9, Fatoumata Sissoko-Sy, a \u00e9t\u00e9 pr\u00e9sent\u00e9e, mercredi soir \u00e0 Abidjan par les responsables de cette [&hellip;]<\/p>\n","protected":false},"author":1965,"featured_media":0,"comment_status":"closed","ping_status":"closed","sticky":false,"template":"","format":"standard","meta":{"fifu_image_url":"","fifu_image_alt":"","footnotes":""},"categories":[73,82],"tags":[],"class_list":["post-63259","post","type-post","status-publish","format-standard","hentry","category-actualite","category-cameroun"],"_links":{"self":[{"href":"https:\/\/linitiative.ca\/International\/wp-json\/wp\/v2\/posts\/63259","targetHints":{"allow":["GET"]}}],"collection":[{"href":"https:\/\/linitiative.ca\/International\/wp-json\/wp\/v2\/posts"}],"about":[{"href":"https:\/\/linitiative.ca\/International\/wp-json\/wp\/v2\/types\/post"}],"author":[{"embeddable":true,"href":"https:\/\/linitiative.ca\/International\/wp-json\/wp\/v2\/users\/1965"}],"replies":[{"embeddable":true,"href":"https:\/\/linitiative.ca\/International\/wp-json\/wp\/v2\/comments?post=63259"}],"version-history":[{"count":0,"href":"https:\/\/linitiative.ca\/International\/wp-json\/wp\/v2\/posts\/63259\/revisions"}],"wp:attachment":[{"href":"https:\/\/linitiative.ca\/International\/wp-json\/wp\/v2\/media?parent=63259"}],"wp:term":[{"taxonomy":"category","embeddable":true,"href":"https:\/\/linitiative.ca\/International\/wp-json\/wp\/v2\/categories?post=63259"},{"taxonomy":"post_tag","embeddable":true,"href":"https:\/\/linitiative.ca\/International\/wp-json\/wp\/v2\/tags?post=63259"}],"curies":[{"name":"wp","href":"https:\/\/api.w.org\/{rel}","templated":true}]}}