{"id":63265,"date":"2019-10-04T07:48:31","date_gmt":"2019-10-04T11:48:31","guid":{"rendered":"https:\/\/linitiative.ca\/International\/la-4eme-edition-du-festival-flamenco-a-rabat\/"},"modified":"2019-10-04T07:48:31","modified_gmt":"2019-10-04T11:48:31","slug":"la-4eme-edition-du-festival-flamenco-a-rabat","status":"publish","type":"post","link":"https:\/\/linitiative.ca\/International\/la-4eme-edition-du-festival-flamenco-a-rabat\/","title":{"rendered":"La 4\u00e8me \u00e9dition du Festival flamenco  \u00e0 Rabat"},"content":{"rendered":"<header>\n<div class=\"entry-post-meta\">\n<div class=\"author-link\">Publi\u00e9 par <a itemprop=\"author\" itemscope=\"\" itemtype=\"https:\/\/schema.org\/Person\" href=\"http:\/\/aujourdhui.ma\/profile\/kaid\" rel=\"author\"><span itemprop=\"name\">ALM<\/span><\/a><\/div>\n<p>Date\u00a0:<time content=\"2019-10-04T12:48:31+00:00\" class=\"entry-date updated\" datetime=\"2019-10-04T12:48:31+00:00\">octobre 04, 2019<\/time><\/p>\n<div class=\"entry-cat\">dans:<a href=\"http:\/\/aujourdhui.ma\/category\/culture\" rel=\"category tag\">Culture<\/a><\/div>\n<p>0Vues<\/p>\n<\/div>\n<\/header>\n<div class=\"entry-content clearfix\" readability=\"46\"><img decoding=\"async\" class=\"post_layout_5_img\" src=\"http:\/\/aujourdhui.ma\/wp-content\/uploads\/2019\/09\/Festival-flamenco.jpg?x29840\" alt=\"La 4\u00e8me \u00e9dition du Festival flamenco \u00e0 Rabat\"\/><\/p>\n<p class=\"p1\"><span class=\"s1\"><span class=\"c4\"><strong>La 4\u00e8me \u00e9dition du Festival flamenco se d\u00e9roulera du 5 au 27 octobre 2019 \u00e0 Rabat.<\/strong><\/span><\/span> <span id=\"more-318914\"\/><\/p>\n<p class=\"p1\"><span class=\"s1\">Fruit d\u2019une coproduction entre l\u2019ambassade d\u2019Espagne au Maroc, l\u2019Institut Cervant\u00e8s et le minist\u00e8re de la culture et de la communication du Maroc, cette manifestation offre une vari\u00e9t\u00e9 d\u2019activit\u00e9s pr\u00e9sentant de grandes figures du flamenco et fusionnant le flamenco avec des rythmes comme les Issaoua et la Taktouka Al Jabal\u00eda de T\u00e9touan.<span class=\"Apple-converted-space\">\u00a0<\/span><\/span><\/p>\n<p class=\"p1\"><span class=\"s1\">Avec l\u2019ambition de se consolider comme l\u2019un des rendez-vous incontournables du calendrier international de flamenco,<span class=\"Apple-converted-space\">\u00a0<\/span> l\u2019ouverture aura lieu \u00e0 la Biblioth\u00e8que nationale du Royaume du Maroc, avec un spectacle de flamenco \u00abVandalus, Herencia Oriental del Flamenco\u00bb.<\/span><\/p>\n<\/div>\n<p>Auteur: ALM<br \/>\n<a href=\"http:\/\/aujourdhui.ma\/culture\/la-4eme-edition-du-festival-flamenco-a-rabat\">Cliquez ici pour lire l&rsquo;article depuis sa source.<\/a><\/p>\n","protected":false},"excerpt":{"rendered":"<p>Publi\u00e9 par ALM Date\u00a0:octobre 04, 2019 dans:Culture 0Vues La 4\u00e8me \u00e9dition du Festival flamenco se d\u00e9roulera du 5 au 27 octobre 2019 \u00e0 Rabat. Fruit d\u2019une coproduction entre l\u2019ambassade d\u2019Espagne au Maroc, l\u2019Institut Cervant\u00e8s et le minist\u00e8re de la culture et de la communication du Maroc, cette manifestation offre une vari\u00e9t\u00e9 d\u2019activit\u00e9s pr\u00e9sentant de grandes [&hellip;]<\/p>\n","protected":false},"author":1759,"featured_media":0,"comment_status":"closed","ping_status":"closed","sticky":false,"template":"","format":"standard","meta":{"fifu_image_url":"","fifu_image_alt":"","footnotes":""},"categories":[73,54],"tags":[],"class_list":["post-63265","post","type-post","status-publish","format-standard","hentry","category-actualite","category-maroc"],"_links":{"self":[{"href":"https:\/\/linitiative.ca\/International\/wp-json\/wp\/v2\/posts\/63265","targetHints":{"allow":["GET"]}}],"collection":[{"href":"https:\/\/linitiative.ca\/International\/wp-json\/wp\/v2\/posts"}],"about":[{"href":"https:\/\/linitiative.ca\/International\/wp-json\/wp\/v2\/types\/post"}],"author":[{"embeddable":true,"href":"https:\/\/linitiative.ca\/International\/wp-json\/wp\/v2\/users\/1759"}],"replies":[{"embeddable":true,"href":"https:\/\/linitiative.ca\/International\/wp-json\/wp\/v2\/comments?post=63265"}],"version-history":[{"count":0,"href":"https:\/\/linitiative.ca\/International\/wp-json\/wp\/v2\/posts\/63265\/revisions"}],"wp:attachment":[{"href":"https:\/\/linitiative.ca\/International\/wp-json\/wp\/v2\/media?parent=63265"}],"wp:term":[{"taxonomy":"category","embeddable":true,"href":"https:\/\/linitiative.ca\/International\/wp-json\/wp\/v2\/categories?post=63265"},{"taxonomy":"post_tag","embeddable":true,"href":"https:\/\/linitiative.ca\/International\/wp-json\/wp\/v2\/tags?post=63265"}],"curies":[{"name":"wp","href":"https:\/\/api.w.org\/{rel}","templated":true}]}}