{"id":63267,"date":"2019-10-04T09:00:13","date_gmt":"2019-10-04T13:00:13","guid":{"rendered":"https:\/\/linitiative.ca\/International\/elevage-sidi-bennour-une-region-a-fort-potentiel\/"},"modified":"2019-10-04T09:00:13","modified_gmt":"2019-10-04T13:00:13","slug":"elevage-sidi-bennour-une-region-a-fort-potentiel","status":"publish","type":"post","link":"https:\/\/linitiative.ca\/International\/elevage-sidi-bennour-une-region-a-fort-potentiel\/","title":{"rendered":"Elevage : Sidi Bennour, une r\u00e9gion  \u00e0 fort potentiel"},"content":{"rendered":"<p><img decoding=\"async\" class=\"post_layout_5_img\" src=\"http:\/\/aujourdhui.ma\/wp-content\/uploads\/2018\/04\/Agriculture-1.jpg?x29840\" alt=\"Elevage : Sidi Bennour, une r\u00e9gion \u00e0 fort potentiel\"\/><\/p>\n<p class=\"p1\"><span class=\"c4\"><strong><span class=\"s1\"><em>La 2\u00e8me \u00e9dition du Salon professionnel qui lui est d\u00e9di\u00e9 se tient du 3 au 6 octobre<span class=\"Apple-converted-space\">\u00a0 \u00a0<\/span><\/em><\/span><\/strong><\/span><span id=\"more-319220\"\/><\/p>\n<div class=\"base-box mom_box_sc_custom mom_box_sc clear c5\" readability=\"9\">\n<p class=\"p1\"><strong><em>230 exposants seront pr\u00e9sents \u00e0 cette manifestation qui prendra place sur une superficie de 20.000 m\u00b2 r\u00e9partie entre le Salon professionnel de l\u2019\u00e9levage \u00e0 Touilaat (15.000 m\u00b2) et<span class=\"Apple-converted-space\">\u00a0<\/span> le Salon des produits du terroir\u00a0<\/em><em>et fantasia (5.000 m\u00b2).<\/em><\/strong><\/p>\n<\/div>\n<p class=\"p1\"><span class=\"s1\">La deuxi\u00e8me \u00e9dition du Salon professionnel de l\u2019\u00e9levage de Sidi Bennour a ouvert ses portes jeudi. Sous le th\u00e8me \u00abValorisation et commercialisation des produits agricoles dans la province de Sidi Bennour\u00bb, cet \u00e9v\u00e9nement est organis\u00e9 par l\u2019Association provinciale pour l\u2019organisation des foires agricoles dans la province de Sidi Bennour (APOFA), la province de Sidi Bennour et ORMVAD \u2013 DRA Casablanca-Settat. Pendant quatre jours, 50.000 visiteurs dont 20.000 professionnels y prendront part.<\/span><\/p>\n<p class=\"p1\"><span class=\"s1\">Elevage, soci\u00e9t\u00e9s agricoles, espace mat\u00e9riel agricole et services, coop\u00e9ratives et institutionnels\u2026 230 exposants seront pr\u00e9sents \u00e0 cette manifestation qui prendra place sur une superficie de 20.000 m\u00b2 r\u00e9partie entre le Salon professionnel de l\u2019\u00e9levage \u00e0 Touilaat (15.000 m\u00b2) et<span class=\"Apple-converted-space\">\u00a0<\/span> le Salon des produits du terroir et fantasia (5.000 m\u00b2). L\u2019objectif de cette deuxi\u00e8me \u00e9dition est de d\u00e9velopper l\u2019agriculture dans la province de Sidi Bennour \u00e0 travers la promotion de l\u2019emploi en milieu rural et l\u2019am\u00e9lioration du revenu des producteurs et des \u00e9leveurs, exploiter les opportunit\u00e9s de projets d\u2019investissements qu\u2019offre la province de Sidi Bennour.<\/span><\/p>\n<p class=\"p1\"><span class=\"s1\">Il s\u2019agit \u00e9galement de promouvoir des m\u00e9tiers et activit\u00e9s autour de l\u2019amont et de l\u2019aval des fili\u00e8res de la production animale, et renforcer les organisations professionnelles agricoles et l\u2019esprit de coop\u00e9ration surtout chez les producteurs. Cet \u00e9v\u00e9nement r\u00e9unira le Salon professionnel de l\u2019\u00e9levage \u00e0 Touilaat et une exposition des produits du terroir et d\u2019artisanat dans la ville de Sidi Bennour. Ainsi 80% des produits viennent de la province de Sidi Bennour et 20% des produits sont des autres provinces de la r\u00e9gion Casablanca-Settat. La province de Sidi Bennour regorge d\u2019\u00e9normes potentialit\u00e9s.<\/span><\/p>\n<p class=\"p1\"><span class=\"s1\">Appartenant \u00e0 la r\u00e9gion de Doukkala, elle se caract\u00e9rise par sa production de betterave sucri\u00e8re, de la viande rouge, du lait, des c\u00e9r\u00e9ales et des raisins, des l\u00e9gumineuses, ou encore des l\u00e9gumes. Le secteur agricole est la principale source de richesse de la r\u00e9gion avec une superficie totale agricole de 312.000 hectares, dont 283.000 hectares de terres arables. 70.090 hectares de la province (soit 48% de la superficie irrigu\u00e9e) comptent 69.300 hectares \u00e9quip\u00e9s en mat\u00e9riel de grande irrigation. La province dispose d\u2019un mat\u00e9riel hydro-agricole important. Par ailleurs, 790 hectares de ces terres sont irrigu\u00e9s de l\u2019eau des puits. Autres facteurs favorables \u00e0 la production agricole dans la r\u00e9gion : le climat favorable, les sols fertiles et les ressources en eaux de surface qui atteignent 650 millions de m\u00e8tres cubes permettant une production agricole diversifi\u00e9e tout au long de l\u2019ann\u00e9e.<\/span><\/p>\n<p class=\"p1\"><span class=\"s1\">La province tire \u00e9galement profit de sa proximit\u00e9 avec des villes comme Casablanca, Marrakech, Safi et Agadir. Forte de l\u2019exp\u00e9rience acquise par les agriculteurs de la r\u00e9gion, la province r\u00e9unit un tissu d\u2019associations professionnelles important : 353 coop\u00e9ratives, dont 260 coop\u00e9ratives de collecte de lait, 17 associations agricoles et 5 f\u00e9d\u00e9rations dans le secteur de l\u2019apiculture et de la production de miel. La province de Sidi Bennour produit annuellement 1,43 million de tonnes de betterave sucri\u00e8re sur une superficie de 16.000 hectares.<\/span><\/p>\n<p class=\"p1\"><span class=\"s1\">Elle g\u00e9n\u00e8re \u00e9galement 4,3 millions de quintaux de c\u00e9r\u00e9ales d\u2019automne sur 185.000 hectares. Sidi Bennour se distingue aussi par une production annuelle de semences s\u00e9lectionn\u00e9es de 144.000 quintaux sur une superficie de 4.500 hectares. Cette localit\u00e9 est aussi connue pour ses \u00e9levages et sa production de lait. Cette derni\u00e8re atteint 290 millions de litres de lait par an (45% de la production de toute<span class=\"Apple-converted-space\">\u00a0<\/span> la r\u00e9gion). Du c\u00f4t\u00e9 de sa production annuelle en viande rouge, on compte 20.000 tonnes de viande rouge (soit 25% de la production de la r\u00e9gion) dont 17.000 tonnes de viande bovine et 3.000 tonnes de viande d\u2019agneau et de ch\u00e8vre.<\/span><\/p>\n<p>Auteur: ALM<br \/>\n<a href=\"http:\/\/aujourdhui.ma\/economie\/elevage-sidi-bennour-une-region-a-fort-potentiel\">Cliquez ici pour lire l&rsquo;article depuis sa source.<\/a><\/p>\n","protected":false},"excerpt":{"rendered":"<p>La 2\u00e8me \u00e9dition du Salon professionnel qui lui est d\u00e9di\u00e9 se tient du 3 au 6 octobre\u00a0 \u00a0 230 exposants seront pr\u00e9sents \u00e0 cette manifestation qui prendra place sur une superficie de 20.000 m\u00b2 r\u00e9partie entre le Salon professionnel de l\u2019\u00e9levage \u00e0 Touilaat (15.000 m\u00b2) et\u00a0 le Salon des produits du terroir\u00a0et fantasia (5.000 m\u00b2). [&hellip;]<\/p>\n","protected":false},"author":1759,"featured_media":0,"comment_status":"closed","ping_status":"closed","sticky":false,"template":"","format":"standard","meta":{"fifu_image_url":"","fifu_image_alt":"","footnotes":""},"categories":[73,54],"tags":[],"class_list":["post-63267","post","type-post","status-publish","format-standard","hentry","category-actualite","category-maroc"],"_links":{"self":[{"href":"https:\/\/linitiative.ca\/International\/wp-json\/wp\/v2\/posts\/63267","targetHints":{"allow":["GET"]}}],"collection":[{"href":"https:\/\/linitiative.ca\/International\/wp-json\/wp\/v2\/posts"}],"about":[{"href":"https:\/\/linitiative.ca\/International\/wp-json\/wp\/v2\/types\/post"}],"author":[{"embeddable":true,"href":"https:\/\/linitiative.ca\/International\/wp-json\/wp\/v2\/users\/1759"}],"replies":[{"embeddable":true,"href":"https:\/\/linitiative.ca\/International\/wp-json\/wp\/v2\/comments?post=63267"}],"version-history":[{"count":0,"href":"https:\/\/linitiative.ca\/International\/wp-json\/wp\/v2\/posts\/63267\/revisions"}],"wp:attachment":[{"href":"https:\/\/linitiative.ca\/International\/wp-json\/wp\/v2\/media?parent=63267"}],"wp:term":[{"taxonomy":"category","embeddable":true,"href":"https:\/\/linitiative.ca\/International\/wp-json\/wp\/v2\/categories?post=63267"},{"taxonomy":"post_tag","embeddable":true,"href":"https:\/\/linitiative.ca\/International\/wp-json\/wp\/v2\/tags?post=63267"}],"curies":[{"name":"wp","href":"https:\/\/api.w.org\/{rel}","templated":true}]}}