{"id":63270,"date":"2019-10-04T06:42:54","date_gmt":"2019-10-04T10:42:54","guid":{"rendered":"https:\/\/linitiative.ca\/International\/demain-a-rabat-luniversite-annuelle-du-pps-dediee-a-lecologie\/"},"modified":"2019-10-04T06:42:54","modified_gmt":"2019-10-04T10:42:54","slug":"demain-a-rabat-luniversite-annuelle-du-pps-dediee-a-lecologie","status":"publish","type":"post","link":"https:\/\/linitiative.ca\/International\/demain-a-rabat-luniversite-annuelle-du-pps-dediee-a-lecologie\/","title":{"rendered":"Demain \u00e0 Rabat l\u2019Universit\u00e9 annuelle du PPS d\u00e9di\u00e9e \u00e0 l\u2019\u00e9cologie"},"content":{"rendered":"<p class=\"c3\"><span class=\"c2\"><strong>Une premi\u00e8re politique au Maroc<\/strong><\/span><\/p>\n<p class=\"c5\"><span class=\"c4\"><strong><span class=\"c2\">L<\/span>e Parti du progr\u00e8s et du socialisme organise, demain samedi, son Universit\u00e9 annuelle sur la th\u00e9matique \u00abLa dimension \u00e9cologique dans le projet d\u00e9mocratique progressiste\u00bb. Ind\u00e9niablement, c\u2019est une premi\u00e8re politique au Maroc.<\/strong><\/span><\/p>\n<p class=\"c5\"><strong>Alors que la classe politique, presque toutes tendances, se d\u00e9chire sur une campagne \u00e9lectorale avant termes (une sp\u00e9cificit\u00e9, o\u00f9 l\u2019\u00e9lectoral est omnipr\u00e9sent, devenue, h\u00e9las, marocaine), le PPS vient de lancer une initiative qui lui est propre et donc le met dans une position d\u2019exception.<\/strong><\/p>\n<p class=\"c5\"><strong>Et pourtant, le monde entier tire, depuis des ann\u00e9es, la sonnette d\u2019alarme sur les dangers de la menace climatique et de la pollution de tous genres.<\/strong><\/p>\n<p class=\"c5\"><strong>Car de s\u00e9rieux dangers menacent la vie sur terre. Les maux ont pour noms, comme le stipule la note de cadrage de l\u2019Universit\u00e9 annuelle\u00a0:<\/strong><\/p>\n<ul class=\"c6\">\n<li><span class=\"c4\">l\u2019extinction massive d\u2019esp\u00e8ces animales et v\u00e9g\u00e9tales,<\/span><\/li>\n<li><span class=\"c4\">le r\u00e9tr\u00e9cissement des surfaces foresti\u00e8res,<\/span><\/li>\n<li><span class=\"c4\">la multiplication des ph\u00e9nom\u00e8nes climatiques et m\u00e9t\u00e9orologiques extr\u00eames,<\/span><\/li>\n<li><span class=\"c4\">la mauvaise utilisation des sols,<\/span><\/li>\n<li><span class=\"c4\">la surexploitation des ressources naturelles,<\/span><\/li>\n<li><span class=\"c4\">la pollution d\u2019origine humaine,<\/span><\/li>\n<li><span class=\"c4\">le stress hydrique,<\/span><\/li>\n<li><span class=\"c4\">le r\u00e9chauffement climatique d\u00fb \u00e0 l\u2019augmentation vertigineuse des \u00e9missions de gaz \u00e0 effet de serre,\u2026<\/span><\/li>\n<\/ul>\n<p class=\"c5\">Et la liste est longue.<\/p>\n<p class=\"c5\">C\u2019est donc pour faire le diagnostic de cette situation alarmante et montrer les pistes de progr\u00e8s que le Maroc peut emprunter pour envisager avec succ\u00e8s le virage \u00e9cologique que le PPS a r\u00e9uni ces assises auxquelles d\u2019\u00e9minentes personnalit\u00e9s nationales, de diff\u00e9rents horizons, prendront part. Et, fait remarquablement \u00e0 souligner, la pr\u00e9sence d\u2019un grand du combat mondial pour la protection de l\u2019environnement, Brice Lalonde, qui fut, entre autres, plusieurs fois ministre en France sous les divers gouvernements Rocard et celui d\u2019Edith Cresson, sous la pr\u00e9sidence de Fran\u00e7ois Mitterrand.<\/p>\n<p class=\"c5\">C\u2019est dire que la fibre progressiste laissera une empreinte \u00e9cologique sur les travaux de l\u2019Universit\u00e9 du PPS, car Lalonde \u00e9tait militant du PSU comme Rocard, avant de cr\u00e9er son parti \u00abG\u00e9n\u00e9rations Ecologie\u00bb\u2026<\/p>\n<p class=\"c5\">En tout cas, cette pr\u00e9sence conf\u00e8rera \u00e0 l\u2019Universit\u00e9 annuelle du PPS une importance de premier ordre.<\/p>\n<p class=\"c5\"><strong>Car, de nos jours, il est \u00e9vident que la dimension \u00e9cologique rev\u00eat un caract\u00e8re important dans toute d\u00e9marche de d\u00e9veloppement durable, alors que le Maroc est \u00e0 la recherche de sa voie propre, m\u00eame si, en la mati\u00e8re, l\u2019on ne r\u00e9invente pas la roue puisque les connaissances et le savoir-faire existent.<\/strong><\/p>\n<p class=\"c5\"><strong>De plus, depuis les ann\u00e9es 1970, bien des pr\u00e9curseurs se sont \u00e9vertu\u00e9s \u00e0 anticiper sur un ph\u00e9nom\u00e8ne grandement ignor\u00e9 par les th\u00e9oriciens du lib\u00e9ralisme. Aujourd\u2019hui il y a embarras du choix pour d\u00e9gager une voie \u00e9cologique pour le pays, face aux nombreuses accumulations mondiales.<\/strong><\/p>\n<p class=\"c5\"><strong>Le PPS, en \u00e9rigeant la dimension \u00e9cologique en priorit\u00e9 et \u00e0 lui accorder la place qui lui revient dans le processus de d\u00e9veloppement du pays, fait preuve d\u2019un engagement solennel et d\u2019une vision qui anticipe sur le devenir des g\u00e9n\u00e9rations actuelles et \u00e0 venir.<\/strong><\/p>\n<p class=\"c5\"><strong>D\u00e9j\u00e0, \u00e0 l\u2019occasion des derni\u00e8res COPE, le Secr\u00e9taire g\u00e9n\u00e9ral du PPS, qui portait \u00e0 l\u2019\u00e9poque la casquette de ministre de l\u2019Habitat et de la politique de la ville, avait contribu\u00e9, aussi bien \u00e0 Paris qu\u2019\u00e0 Marrakech, \u00e0 la r\u00e9ussite du Sommet mondial du climat que notre pays avait abrit\u00e9. Par une pr\u00e9sence assidue et constructive, au niveau des propositions et des recommandations.<\/strong><\/p>\n<p class=\"c5\"><strong>Un engagement qui traduit et justifie le r\u00e9f\u00e9rentiel du PPS, aujourd\u2019hui\u00a0: l\u2019environnement au service de l\u2019humain, loin des approches lib\u00e9rales qui ne cherchent que le profit et rien que le profit, quelles qu\u2019en soient les cons\u00e9quences pour la terre et ses hommes et femmes.<\/strong><\/p>\n<p class=\"c7\"><strong>M.K.<\/strong><\/p>\n<p class=\"c3\"><strong><span class=\"c2\">Le programme<\/span><\/strong><\/p>\n<p class=\"c5\"><strong>Pr\u00e9sident de l\u2019Universit\u00e9: <span class=\"c2\">Ahmed Zaki<\/span><\/strong><\/p>\n<p class=\"c5\"><strong>Mod\u00e9rateur des travaux de l\u2019Universit\u00e9\u00a0: <span class=\"c2\">Abdellah Tourabi<\/span><\/strong><\/p>\n<p class=\"c5\"><strong>Rapporteurs des travaux de l\u2019Universit\u00e9\u00a0: <span class=\"c2\">Azzouz Senhaji et Jalal Moata<\/span><\/strong><\/p>\n<p class=\"c5\"><strong><span class=\"c2\">08h30-09h30\u00a0:<\/span><\/strong><\/p>\n<p class=\"c5\"><strong>Accueil des participantes et participants<\/strong><\/p>\n<p class=\"c5\"><strong><span class=\"c2\">09h30-10h30\u00a0:<\/span><\/strong><\/p>\n<p class=\"c5\"><span class=\"c2\"><strong>S\u00e9ance inaugurale de l\u2019Universit\u00e9<\/strong>:<\/span><\/p>\n<p class=\"c5\"><strong>\u2013 Allocution<\/strong> du Secr\u00e9taire G\u00e9n\u00e9ral du Parti du Progr\u00e8s et du Socialisme, <span class=\"c4\"><strong>Mohammed Nabil Benabdallah<\/strong><\/span><\/p>\n<p class=\"c5\"><strong>\u2013 Conf\u00e9rence inaugurale<\/strong> de Monsieur <span class=\"c4\"><strong>Brice Lalonde<\/strong><\/span>: ancien ministre fran\u00e7ais de l\u2019environnement, Pr\u00e9sident Fondateur du Parti \u00abG\u00e9n\u00e9ration \u00c9cologie\u00bb, militant \u00e9cologiste.<\/p>\n<p class=\"c5\"><strong><span class=\"c2\">De 10h30 \u00e0 11h30\u00a0:<\/span><\/strong><\/p>\n<p class=\"c5\"><strong>\u00a0Premier panel : La question \u00e9cologique entre\u00a0l\u2019ancrage th\u00e9orique et les r\u00e9f\u00e9rentiels politiques.<\/strong><\/p>\n<p class=\"c5\"><strong>Les intervenants\u00a0:<\/strong><\/p>\n<p class=\"c5\"><strong>\u2013 El Arbi Mrabet\u00a0: Chercheur Associ\u00e9 au CREDSPO-Dijan et \u00e0 l\u2019IRES<\/strong><\/p>\n<p class=\"c5\"><strong>\u2013 Hassana Kejji\u00a0: Professeure universitaire<\/strong><\/p>\n<p class=\"c5\"><strong>\u2013 Hakima El Haite: ancienne Ministre de l\u2019Environnement et experte \u00e9cologique<\/strong><\/p>\n<p class=\"c5\"><strong>Internationale.<\/strong><\/p>\n<p class=\"c5\"><strong><span class=\"c2\">De 11h30 \u00e0 12h30\u00a0:<\/span><\/strong><\/p>\n<p class=\"c5\"><strong>\u00a0Discussion des interventions du premier panel<\/strong><\/p>\n<p class=\"c5\"><strong><span class=\"c2\">De 12h30 \u00e0 13h30\u00a0:<\/span><\/strong><\/p>\n<p class=\"c5\"><strong>Deuxi\u00e8me panel\u00a0: La question \u00e9cologique en tant que pr\u00e9lude au d\u00e9veloppement et \u00e0 la justice sociale et spatiale.<\/strong><\/p>\n<p class=\"c5\"><strong>Les intervenants\u00a0:<\/strong><\/p>\n<p class=\"c5\"><strong>\u2013 <span class=\"c4\">Adnane Lamdouar\u00a0:<\/span> Entrepreneur industriel<\/strong><\/p>\n<p class=\"c5\"><strong>\u2013 <span class=\"c4\">Mohamed Alifriqui\u00a0:<\/span> Professeur universitaire<\/strong><\/p>\n<p class=\"c5\"><strong>\u2013 <span class=\"c4\">Hasnaa Chehabi\u00a0:<\/span> Cadre au d\u00e9partement de l\u2019environnement<\/strong><\/p>\n<p class=\"c5\"><strong><span class=\"c2\">De 13h30 \u00e0 14h30\u00a0:<\/span><\/strong><\/p>\n<p class=\"c5\"><strong>\u00a0Discussion des interventions du deuxi\u00e8me panel<\/strong><\/p>\n<p class=\"c5\"><strong><span class=\"c2\">14h30\u00a0:<\/span><\/strong><\/p>\n<p class=\"c5\"><strong>\u00a0Pr\u00e9sentation du rapport de synth\u00e8se de l\u2019universit\u00e9.<\/strong><\/p>\n<p>Auteur: M&rsquo;hammed rahal<br \/>\n<a href=\"http:\/\/albayane.press.ma\/demain-a-rabat-luniversite-annuelle-du-pps-dediee-a-lecologie.html\">Cliquez ici pour lire l&rsquo;article depuis sa source.<\/a><\/p>\n","protected":false},"excerpt":{"rendered":"<p>Une premi\u00e8re politique au Maroc Le Parti du progr\u00e8s et du socialisme organise, demain samedi, son Universit\u00e9 annuelle sur la th\u00e9matique \u00abLa dimension \u00e9cologique dans le projet d\u00e9mocratique progressiste\u00bb. Ind\u00e9niablement, c\u2019est une premi\u00e8re politique au Maroc. Alors que la classe politique, presque toutes tendances, se d\u00e9chire sur une campagne \u00e9lectorale avant termes (une sp\u00e9cificit\u00e9, o\u00f9 [&hellip;]<\/p>\n","protected":false},"author":1760,"featured_media":0,"comment_status":"closed","ping_status":"closed","sticky":false,"template":"","format":"standard","meta":{"fifu_image_url":"","fifu_image_alt":"","footnotes":""},"categories":[73,54],"tags":[],"class_list":["post-63270","post","type-post","status-publish","format-standard","hentry","category-actualite","category-maroc"],"_links":{"self":[{"href":"https:\/\/linitiative.ca\/International\/wp-json\/wp\/v2\/posts\/63270","targetHints":{"allow":["GET"]}}],"collection":[{"href":"https:\/\/linitiative.ca\/International\/wp-json\/wp\/v2\/posts"}],"about":[{"href":"https:\/\/linitiative.ca\/International\/wp-json\/wp\/v2\/types\/post"}],"author":[{"embeddable":true,"href":"https:\/\/linitiative.ca\/International\/wp-json\/wp\/v2\/users\/1760"}],"replies":[{"embeddable":true,"href":"https:\/\/linitiative.ca\/International\/wp-json\/wp\/v2\/comments?post=63270"}],"version-history":[{"count":0,"href":"https:\/\/linitiative.ca\/International\/wp-json\/wp\/v2\/posts\/63270\/revisions"}],"wp:attachment":[{"href":"https:\/\/linitiative.ca\/International\/wp-json\/wp\/v2\/media?parent=63270"}],"wp:term":[{"taxonomy":"category","embeddable":true,"href":"https:\/\/linitiative.ca\/International\/wp-json\/wp\/v2\/categories?post=63270"},{"taxonomy":"post_tag","embeddable":true,"href":"https:\/\/linitiative.ca\/International\/wp-json\/wp\/v2\/tags?post=63270"}],"curies":[{"name":"wp","href":"https:\/\/api.w.org\/{rel}","templated":true}]}}