{"id":63271,"date":"2019-10-04T06:48:22","date_gmt":"2019-10-04T10:48:22","guid":{"rendered":"https:\/\/linitiative.ca\/International\/ahmed-zaki-nous-liberer-du-productivisme-destructeur\/"},"modified":"2019-10-04T06:48:22","modified_gmt":"2019-10-04T10:48:22","slug":"ahmed-zaki-nous-liberer-du-productivisme-destructeur","status":"publish","type":"post","link":"https:\/\/linitiative.ca\/International\/ahmed-zaki-nous-liberer-du-productivisme-destructeur\/","title":{"rendered":"Ahmed Zaki: \u00abNous lib\u00e9rer du productivisme destructeur\u00bb"},"content":{"rendered":"<p class=\"c4\"><strong><span class=\"c3\"><span class=\"c2\">A<\/span> la veille de la tenue de l\u2019Universit\u00e9 annuelle du PPS, nous avons pos\u00e9 deux questions \u00e0 son pr\u00e9sident Ahmed Zaki, \u00e9galement membre du Bureau politique du PPS. Voici le contenu de cet entretien express.<\/span><\/strong><\/p>\n<p class=\"c4\"><strong><span class=\"c3\">Q\u00a0:<\/span> <span class=\"c2\">A lire la note de cadrage de l\u2019Universit\u00e9 annuelle du PPS, l\u2019homme serait au centre de l\u2019approche \u00e9cologique \u2026<\/span><\/strong><\/p>\n<p class=\"c4\">Nous sommes partis de l\u2019id\u00e9e selon laquelle l\u2019homme doit \u00eatre un acteur essentiel \u00e0 travers son rapport avec la nature. Il est impossible de concevoir une vision \u00e9cologique en oubliant le r\u00f4le de l\u2019\u00eatre humain qui vit de la nature et avec la nature.<\/p>\n<p class=\"c4\"><strong>Pour cela, deux points sont essentiels\u00a0:<\/strong><\/p>\n<ul class=\"c6\">\n<li><span class=\"c5\">Une approche du d\u00e9veloppement qui doit \u00eatre en harmonie avec la nature et l\u2019\u00eatre humain doit prot\u00e9ger cette nature. Ce qui n\u00e9cessite, notamment, un \u00e9quilibre climatique et la pr\u00e9servation de la biodiversit\u00e9. Il ne faudra pas oublier que l\u2019homme est un animal social qui ressent les effets du r\u00e9chauffement climatique et devra cr\u00e9er une harmonie avec cette nature, de sorte \u00e0 faire \u00e9voluer positivement le processus climatique dans le sens de la centralit\u00e9. Les \u00e9nergies renouvelables doivent, dans ce sens, prendre la place des fossiles.<\/span><\/li>\n<li><span class=\"c5\">Le mode de consommation doit absolument changer pour couper avec le consum\u00e9risme en cours dans le syst\u00e8me capitaliste qui ne cherche que le profit, \u00e0 travers une double exploitation de l\u2019homme et de la nature. Le nouveau mode de consommation devra permettre \u00e0 la nature \u00e0 se r\u00e9g\u00e9n\u00e9rer et \u00e0 \u00e9viter la destruction des sols et des produits alimentaires.<\/span><\/li>\n<\/ul>\n<p class=\"c4\"><strong><span class=\"c3\">Q\u00a0:<\/span> <span class=\"c2\">Quelle est la place de l\u2019\u00e9cologie, aujourd\u2019hui, dans le r\u00e9f\u00e9rentiel id\u00e9ologique du PPS\u00a0?<\/span><\/strong><\/p>\n<p class=\"c4\">Les valeurs que nous avons port\u00e9es \u00e0 travers ces soixante-dix ann\u00e9es d\u2019existence, en tant que parti, nous avaient permis d\u2019identifier des valeurs essentielles comme le sont, entre autres, la libert\u00e9, l\u2019\u00e9galit\u00e9, la solidarit\u00e9, en nous r\u00e9f\u00e9rant \u00e0 l\u2019essence m\u00eame de l\u2019\u00e9cologie politique. Nous avons constat\u00e9 que ces valeurs sont en symbiose avec les principes que l\u2019\u00e9cologie politique pr\u00f4ne et qui se d\u00e9clinent \u00e0 travers une vision par rapport \u00e0 la nature, dans le respect de la biodiversit\u00e9. C\u2019est le pendant comme valeur essentielle.<\/p>\n<p class=\"c4\">Or les pays riches, notamment les classes dominantes, consid\u00e8rent, \u00e0 tort, qu\u2019ils ont les moyens de se prot\u00e9ger des catastrophes caus\u00e9es par le r\u00e9chauffement climatique.<\/p>\n<p class=\"c4\">C\u2019est ce qui nous a amen\u00e9s \u00e0 enrichir notre pens\u00e9e avec cette panoplie de valeurs d\u2019\u00e9galit\u00e9 et de lutte contre l\u2019exploitation de la nature et de l\u2019homme par l\u2019homme. C\u2019est une position conforme \u00e0 nos fondamentaux.<\/p>\n<p class=\"c4\">Nous reconnaissons, cependant,\u00a0 que l\u2019une des tares communes aux syst\u00e8mes socialiste et capitaliste est la notion de productivisme, m\u00eame si les pays socialistes pr\u00e9conisaient le faire pour les besoins de la population, alors que les pays capitalistes pour la recherche du profit maximum. Le productivisme a eu les m\u00eames effets\u00a0 sur la nature. C\u2019est l\u2019heure de nous en lib\u00e9rer.<\/p>\n<p class=\"c7\">Propos recueillis par <strong>M.Khalil<\/strong><\/p>\n<p>Auteur: M&rsquo;hammed rahal<br \/>\n<a href=\"http:\/\/albayane.press.ma\/ahmed-zaki-nous-liberer-du-productivisme-destructeur.html\">Cliquez ici pour lire l&rsquo;article depuis sa source.<\/a><\/p>\n","protected":false},"excerpt":{"rendered":"<p>A la veille de la tenue de l\u2019Universit\u00e9 annuelle du PPS, nous avons pos\u00e9 deux questions \u00e0 son pr\u00e9sident Ahmed Zaki, \u00e9galement membre du Bureau politique du PPS. Voici le contenu de cet entretien express. Q\u00a0: A lire la note de cadrage de l\u2019Universit\u00e9 annuelle du PPS, l\u2019homme serait au centre de l\u2019approche \u00e9cologique \u2026 [&hellip;]<\/p>\n","protected":false},"author":1760,"featured_media":0,"comment_status":"closed","ping_status":"closed","sticky":false,"template":"","format":"standard","meta":{"fifu_image_url":"","fifu_image_alt":"","footnotes":""},"categories":[73,54],"tags":[],"class_list":["post-63271","post","type-post","status-publish","format-standard","hentry","category-actualite","category-maroc"],"_links":{"self":[{"href":"https:\/\/linitiative.ca\/International\/wp-json\/wp\/v2\/posts\/63271","targetHints":{"allow":["GET"]}}],"collection":[{"href":"https:\/\/linitiative.ca\/International\/wp-json\/wp\/v2\/posts"}],"about":[{"href":"https:\/\/linitiative.ca\/International\/wp-json\/wp\/v2\/types\/post"}],"author":[{"embeddable":true,"href":"https:\/\/linitiative.ca\/International\/wp-json\/wp\/v2\/users\/1760"}],"replies":[{"embeddable":true,"href":"https:\/\/linitiative.ca\/International\/wp-json\/wp\/v2\/comments?post=63271"}],"version-history":[{"count":0,"href":"https:\/\/linitiative.ca\/International\/wp-json\/wp\/v2\/posts\/63271\/revisions"}],"wp:attachment":[{"href":"https:\/\/linitiative.ca\/International\/wp-json\/wp\/v2\/media?parent=63271"}],"wp:term":[{"taxonomy":"category","embeddable":true,"href":"https:\/\/linitiative.ca\/International\/wp-json\/wp\/v2\/categories?post=63271"},{"taxonomy":"post_tag","embeddable":true,"href":"https:\/\/linitiative.ca\/International\/wp-json\/wp\/v2\/tags?post=63271"}],"curies":[{"name":"wp","href":"https:\/\/api.w.org\/{rel}","templated":true}]}}