{"id":63272,"date":"2019-10-04T06:56:12","date_gmt":"2019-10-04T10:56:12","guid":{"rendered":"https:\/\/linitiative.ca\/International\/un-depart-de-conscience\/"},"modified":"2019-10-04T06:56:12","modified_gmt":"2019-10-04T10:56:12","slug":"un-depart-de-conscience","status":"publish","type":"post","link":"https:\/\/linitiative.ca\/International\/un-depart-de-conscience\/","title":{"rendered":"Un d\u00e9part de conscience"},"content":{"rendered":"<p class=\"c4\"><span class=\"c3\"><strong><span class=\"c2\">L<\/span>e retrait du PPS de l\u2019ex\u00e9cutif a suscit\u00e9 diverses r\u00e9actions au sein du champ politique national. Apr\u00e8s plus de vingt ans sans rel\u00e2che, la formation du Livre a d\u00e9cid\u00e9 ou du moins son bureau politique, en attendant l\u2019ent\u00e9rinement du comit\u00e9 central, de mettre les cl\u00e9s sous le paillasson.<\/strong><\/span><\/p>\n<p class=\"c4\">D\u2019ailleurs, depuis le gouvernement de l\u2019alternance en 1998, c\u2019est pratiquement le seul parti qui ne se soit jamais d\u00e9rob\u00e9 devant ses engagements, dans le sillage des r\u00e9formes mises en \u0153uvre au service du peuple et de la nation. Tout au long de cette long\u00e9vit\u00e9 gouvernementale, il a fait montre de sa d\u00e9termination pour honorer\u00a0 ce parcours laborieux, \u00e0 travers tous ses ministres aussi d\u00e9vou\u00e9s qu\u2019int\u00e8gres. Cependant, au fil des mandats, il s\u2019est bel et bien, av\u00e9r\u00e9 que ce dernier versait dans une m\u00e9diocratie incommensurable, en d\u00e9pit des appels r\u00e9p\u00e9titifs de redressement lanc\u00e9s \u00e0 son \u00e9gard. \u00a0En fait, jamais un mandat gouvernemental n\u2019a \u00e9t\u00e9 aussi bas et lamentable.<\/p>\n<p class=\"c4\">Malgr\u00e9 ce constat d\u00e9motivant, le PPS a toujours gard\u00e9 l\u2019espoir de voir les choses s\u2019am\u00e9liorer, en poursuivant ses engagements sans y faillir. Cette t\u00e9nacit\u00e9 sans faille a constamment \u00e9t\u00e9 synonyme de respect des valeurs et des principes auxquels il s\u2019est identifi\u00e9 avec ferveur, durant ses sept d\u00e9cennies d\u2019existence.<\/p>\n<p class=\"c4\">Pendant ce mandat unique en son genre, on en a vu de toutes les couleurs\u00a0: inertie nonchalante au niveau du sommet de la pyramide, inexistence syst\u00e9matique de portage politique dans le traitement des questions de haute acuit\u00e9, constance de coups de bec fratricides entre certaines de ses composantes, absence d\u00e9concertante de coh\u00e9rence et de solidarit\u00e9, incapacit\u00e9 de formuler une vision claie et \u00e9difiante pouvant r\u00e9sorber les affres des franges d\u00e9sh\u00e9rit\u00e9es du pays, r\u00e9duire les disparit\u00e9s sociales et territoriales, assurer un climat sain et mobilisateur dans l\u2019univers des investissements et des entreprises.<\/p>\n<p class=\"c4\">Face \u00e0 tous ces ratages, le PPS s\u2019est ardemment d\u00e9men\u00e9s pour apporter un nouveau souffle d\u00e9mocratique tel que brandi \u00e9galement par la plus Haute Autorit\u00e9 du royaume, particuli\u00e8rement lors de ses derniers discours solennels. Malheureusement, il se voit cruellement trahi par ses pr\u00e9sum\u00e9s \u00aballi\u00e9s\u00bb, a travers de vilains coups bas qui, finalement, ont fini par lasser une entit\u00e9 politique aussi d\u00e9bonnaire et g\u00e9n\u00e9reuse. Le d\u00e9part a donc \u00e9t\u00e9 une r\u00e9sultante logique des d\u00e9boires d\u2019un gouvernement hybride et disparate.<\/p>\n<p class=\"c4\">Certes, elle le fait non sans amertume et d\u00e9solation, mais, elle ne peut continuer a broyer du pain noir dans le bourbier de la m\u00e9diocrit\u00e9. Enfin, on ne peut clore ces propos, sans \u00e9voquer et appr\u00e9cier, \u00e0 juste titre, cette r\u00e9action d\u2019Amina Maalainine, d\u00e9put\u00e9e du parti de la lampe qui aurait parfaitement compris et valoris\u00e9 l\u2019argumentaire d\u2019une telle d\u00e9cision.<\/p>\n<p>Auteur: M&rsquo;hammed rahal<br \/>\n<a href=\"http:\/\/albayane.press.ma\/un-depart-de-conscience.html\">Cliquez ici pour lire l&rsquo;article depuis sa source.<\/a><\/p>\n","protected":false},"excerpt":{"rendered":"<p>Le retrait du PPS de l\u2019ex\u00e9cutif a suscit\u00e9 diverses r\u00e9actions au sein du champ politique national. Apr\u00e8s plus de vingt ans sans rel\u00e2che, la formation du Livre a d\u00e9cid\u00e9 ou du moins son bureau politique, en attendant l\u2019ent\u00e9rinement du comit\u00e9 central, de mettre les cl\u00e9s sous le paillasson. D\u2019ailleurs, depuis le gouvernement de l\u2019alternance en [&hellip;]<\/p>\n","protected":false},"author":1760,"featured_media":0,"comment_status":"closed","ping_status":"closed","sticky":false,"template":"","format":"standard","meta":{"fifu_image_url":"","fifu_image_alt":"","footnotes":""},"categories":[73,54],"tags":[],"class_list":["post-63272","post","type-post","status-publish","format-standard","hentry","category-actualite","category-maroc"],"_links":{"self":[{"href":"https:\/\/linitiative.ca\/International\/wp-json\/wp\/v2\/posts\/63272","targetHints":{"allow":["GET"]}}],"collection":[{"href":"https:\/\/linitiative.ca\/International\/wp-json\/wp\/v2\/posts"}],"about":[{"href":"https:\/\/linitiative.ca\/International\/wp-json\/wp\/v2\/types\/post"}],"author":[{"embeddable":true,"href":"https:\/\/linitiative.ca\/International\/wp-json\/wp\/v2\/users\/1760"}],"replies":[{"embeddable":true,"href":"https:\/\/linitiative.ca\/International\/wp-json\/wp\/v2\/comments?post=63272"}],"version-history":[{"count":0,"href":"https:\/\/linitiative.ca\/International\/wp-json\/wp\/v2\/posts\/63272\/revisions"}],"wp:attachment":[{"href":"https:\/\/linitiative.ca\/International\/wp-json\/wp\/v2\/media?parent=63272"}],"wp:term":[{"taxonomy":"category","embeddable":true,"href":"https:\/\/linitiative.ca\/International\/wp-json\/wp\/v2\/categories?post=63272"},{"taxonomy":"post_tag","embeddable":true,"href":"https:\/\/linitiative.ca\/International\/wp-json\/wp\/v2\/tags?post=63272"}],"curies":[{"name":"wp","href":"https:\/\/api.w.org\/{rel}","templated":true}]}}