{"id":63273,"date":"2019-10-04T07:06:33","date_gmt":"2019-10-04T11:06:33","guid":{"rendered":"https:\/\/linitiative.ca\/International\/soutien-renouvele-a-la-marocanite-du-sahara-et-a-lexclusivite-du-processus-onusien\/"},"modified":"2019-10-04T07:06:33","modified_gmt":"2019-10-04T11:06:33","slug":"soutien-renouvele-a-la-marocanite-du-sahara-et-a-lexclusivite-du-processus-onusien","status":"publish","type":"post","link":"https:\/\/linitiative.ca\/International\/soutien-renouvele-a-la-marocanite-du-sahara-et-a-lexclusivite-du-processus-onusien\/","title":{"rendered":"Soutien renouvel\u00e9 \u00e0 la marocanit\u00e9 du Sahara et \u00e0 l\u2019exclusivit\u00e9 du processus onusien"},"content":{"rendered":"<p class=\"c4\"><span class=\"c3\"><strong><span class=\"c2\">L<\/span>e d\u00e9bat g\u00e9n\u00e9ral de la 74\u00e8 session de l\u2019Assembl\u00e9e g\u00e9n\u00e9rale de l\u2019ONU, qui s\u2019est d\u00e9roul\u00e9 du 24 au 30 septembre \u00e0 New York, a \u00e9t\u00e9 l\u2019occasion pour plusieurs pays de renouveler leur soutien \u00e0 la marocanit\u00e9 du Sahara et au processus politique exclusif des Nations-Unies en vue de parvenir \u00e0 une solution politique n\u00e9goci\u00e9e \u00e0 ce diff\u00e9rend artificiel.<\/strong><\/span><br \/>En effet, plusieurs Chefs d\u2019Etat et de gouvernement ou encore des ministres des Affaires \u00e9trang\u00e8res, qui ont prononc\u00e9 des discours au nom de leurs pays du haut de la tribune de l\u2019Assembl\u00e9e g\u00e9n\u00e9rale, ont tenu \u00e0 r\u00e9it\u00e9rer clairement leur soutien au processus onusien exclusif visant \u00e0 aboutir \u00e0 une solution politique n\u00e9goci\u00e9e et mutuellement acceptable \u00e0 la question du Sahara marocain.<br \/>C\u2019est ainsi que le Pr\u00e9sident de l\u2019Union des Comores, M. Azali Assoumani, a donn\u00e9 le ton en r\u00e9affirmant l\u2019\u00bbattachement ind\u00e9fectible\u00bb de son pays \u00e0 la r\u00e9solution d\u00e9finitive de la question du Sahara marocain sous les auspices exclusifs des Nations-Unies.<br \/>\u00abL\u2019Union des Comores voudrait (\u2026) r\u00e9affirmer son attachement ind\u00e9fectible \u00e0 la r\u00e9solution d\u00e9finitive de la question du Sahara marocain, sous les auspices de notre prestigieuse Organisation l\u2019ONU\u00bb, a d\u00e9clar\u00e9 le Pr\u00e9sident Assoumani.<br \/>\u00abNous faisons confiance au Conseil de s\u00e9curit\u00e9 pour activer la r\u00e9solution de ce dossier\u00bb, a-t-il soulign\u00e9 dans un discours prononc\u00e9 devant l\u2019Assembl\u00e9e g\u00e9n\u00e9rale.<br \/>M\u00eame son de cloche chez son homologue burkinab\u00e9, M. Roch Marc Christian Kabor\u00e9, qui a r\u00e9it\u00e9r\u00e9 le soutien du Burkina Faso au processus politique en cours \u00abmen\u00e9 sous les auspices exclusifs du Secr\u00e9taire g\u00e9n\u00e9ral des Nations-Unies en vue de parvenir \u00e0 une solution politique mutuellement acceptable et n\u00e9goci\u00e9e au diff\u00e9rend tel que recommand\u00e9 par le Conseil de S\u00e9curit\u00e9 depuis 2007, y compris par sa r\u00e9solution 2468 adopt\u00e9e le 30 avril 2019\u00bb.<br \/>Le Pr\u00e9sident burkinab\u00e9 a aussi appel\u00e9 l\u2019ensemble des parties \u00ab\u00e0 apporter leurs contributions au processus politique et \u00e0 renforcer leur participation au processus de n\u00e9gociation\u00bb onusien.<br \/>M. Kabor\u00e9 a ajout\u00e9, \u00e0 cet \u00e9gard, que son pays se f\u00e9licite de la tenue effective des deux tables rondes entre l\u2019Alg\u00e9rie, le Maroc, la Mauritanie et le Polisario conform\u00e9ment aux r\u00e9solutions 2414 et 2440 du Conseil de S\u00e9curit\u00e9, tout en saluant le travail accompli par l\u2019ancien envoy\u00e9 sp\u00e9cial du Secr\u00e9taire g\u00e9n\u00e9ral des Nations-Unies durant son mandat.<br \/>Pour sa part, le Pr\u00e9sident de Sao-Tom\u00e9-et-Principe, M. Evaristo Do Espirito Santo Carvalho, a tenu \u00e0 saluer, depuis la tribune de l\u2019Assembl\u00e9e g\u00e9n\u00e9rale, \u00ables efforts du Maroc visant \u00e0 aboutir \u00e0 un r\u00e8glement politique au diff\u00e9rend r\u00e9gional autour du Sahara sur la base de l\u2019initiative marocaine d\u2019autonomie\u00bb.<br \/>M. Santo Carvalho a \u00e9galement appel\u00e9 \u00abl\u2019ensemble des parties \u00e0 s\u2019engager dans le processus politique, sous les auspices des Nations-Unies, jusqu\u2019\u00e0 son ach\u00e8vement\u00bb.<br \/>Du c\u00f4t\u00e9 europ\u00e9en, c\u2019est le Pr\u00e9sident du gouvernement espagnol en fonction, M. Pedro Sanchez, qui a marqu\u00e9 les esprits lors du d\u00e9bat g\u00e9n\u00e9ral de cette 74\u00e8 session en affirmant que la voie d\u2019une solution \u00abpolitique, juste, durable et mutuellement acceptable\u00bb au conflit artificiel autour du Sahara marocain passe exclusivement par l\u2019ONU.<br \/>\u00abLe gouvernement d\u2019Espagne d\u00e9fend la centralit\u00e9 des Nations-Unies et souhaite contribuer aux efforts du Secr\u00e9taire g\u00e9n\u00e9ral de l\u2019ONU pour parvenir, en application des r\u00e9solutions du Conseil de s\u00e9curit\u00e9, \u00e0 une solution politique juste, durable et mutuellement acceptable\u00bb, \u00e0 la question du Sahara, a soulign\u00e9 M. Sanchez dans son discours devant les Etats membres.<br \/>En d\u00e9fendant \u00abla centralit\u00e9\u00bb des Nations-Unies dans le traitement de cette question, l\u2019Espagne n\u2019a aussi fait, aucune allusion \u00e0 la tenue d\u2019un quelconque r\u00e9f\u00e9rendum pour la r\u00e9solution de ce diff\u00e9rend.<br \/>Du c\u00f4t\u00e9 du monde arabe, les Emirats Arabes Unis et le Bahre\u00efn ont tenu \u00e0 renouveler, \u00e0 l\u2019occasion du d\u00e9bat g\u00e9n\u00e9ral de cette 74\u00e8 session, leur soutien de longue date \u00e0 l\u2019int\u00e9grit\u00e9 territoriale du Royaume du Maroc et \u00e0 ses efforts visant \u00e0 trouver une solution politique d\u00e9finitive \u00e0 la question du Sahara marocain.<br \/>\u00abNous saluons les efforts de nos fr\u00e8res au Royaume du Maroc visant \u00e0 aboutir \u00e0 une solution politique \u00e0 cette question\u00bb, a d\u00e9clar\u00e9 le ministre \u00e9mirati des Affaires \u00e9trang\u00e8res et de la coop\u00e9ration internationale, Cheikh Abdullah Bin Zayed Al Nahyan.<br \/>\u00abMon pays estime que le processus politique est la meilleure voie pour r\u00e9soudre les diff\u00e9rends dans la r\u00e9gion. Et nous appr\u00e9cions dans ce cadre les efforts des Nations-Unies, de la communaut\u00e9 internationale et des pays amis, et accueillons favorablement le r\u00f4le du Secr\u00e9taire g\u00e9n\u00e9ral dans l\u2019appui du processus politique relatif \u00e0 la question du Sahara marocain\u00bb, a-t-il d\u00e9clar\u00e9 devant les autres pays membres.<br \/>Lui embo\u00eetant le pas, le ministre bahre\u00efni des Affaires \u00e9trang\u00e8res, Khalid bin Ahmed Al Khalifa, a exprim\u00e9 le soutien du Bahre\u00efn aux efforts constants du Maroc visant \u00e0 trouver une solution politique \u00e0 la question du Sahara marocain conform\u00e9ment aux r\u00e9solutions de l\u2019ONU et dans le cadre de la souverainet\u00e9 du Royaume et de son int\u00e9grit\u00e9 territoriale.<br \/>Le Royaume de Bahre\u00efn \u00abr\u00e9affirme sa solidarit\u00e9 avec les efforts constants du Royaume fr\u00e8re du Maroc visant \u00e0 trouver une solution politique \u00e0 la question du Sahara marocain, conform\u00e9ment aux r\u00e9solutions pertinentes du Conseil de s\u00e9curit\u00e9 et dans le cadre de la souverainet\u00e9 du Royaume et de son int\u00e9grit\u00e9 territoriale\u00bb, a soulign\u00e9 le chef de la diplomatie bahre\u00efni depuis la tribune de l\u2019Assembl\u00e9e g\u00e9n\u00e9rale.<\/p>\n<p class=\"c5\"><strong>Naoufal Enhari<\/strong><\/p>\n<p>Auteur: M&rsquo;hammed rahal<br \/>\n<a href=\"http:\/\/albayane.press.ma\/soutien-renouvele-a-la-marocanite-du-sahara-et-a-lexclusivite-du-processus-onusien.html\">Cliquez ici pour lire l&rsquo;article depuis sa source.<\/a><\/p>\n","protected":false},"excerpt":{"rendered":"<p>Le d\u00e9bat g\u00e9n\u00e9ral de la 74\u00e8 session de l\u2019Assembl\u00e9e g\u00e9n\u00e9rale de l\u2019ONU, qui s\u2019est d\u00e9roul\u00e9 du 24 au 30 septembre \u00e0 New York, a \u00e9t\u00e9 l\u2019occasion pour plusieurs pays de renouveler leur soutien \u00e0 la marocanit\u00e9 du Sahara et au processus politique exclusif des Nations-Unies en vue de parvenir \u00e0 une solution politique n\u00e9goci\u00e9e \u00e0 [&hellip;]<\/p>\n","protected":false},"author":1760,"featured_media":0,"comment_status":"closed","ping_status":"closed","sticky":false,"template":"","format":"standard","meta":{"fifu_image_url":"","fifu_image_alt":"","footnotes":""},"categories":[73,54],"tags":[],"class_list":["post-63273","post","type-post","status-publish","format-standard","hentry","category-actualite","category-maroc"],"_links":{"self":[{"href":"https:\/\/linitiative.ca\/International\/wp-json\/wp\/v2\/posts\/63273","targetHints":{"allow":["GET"]}}],"collection":[{"href":"https:\/\/linitiative.ca\/International\/wp-json\/wp\/v2\/posts"}],"about":[{"href":"https:\/\/linitiative.ca\/International\/wp-json\/wp\/v2\/types\/post"}],"author":[{"embeddable":true,"href":"https:\/\/linitiative.ca\/International\/wp-json\/wp\/v2\/users\/1760"}],"replies":[{"embeddable":true,"href":"https:\/\/linitiative.ca\/International\/wp-json\/wp\/v2\/comments?post=63273"}],"version-history":[{"count":0,"href":"https:\/\/linitiative.ca\/International\/wp-json\/wp\/v2\/posts\/63273\/revisions"}],"wp:attachment":[{"href":"https:\/\/linitiative.ca\/International\/wp-json\/wp\/v2\/media?parent=63273"}],"wp:term":[{"taxonomy":"category","embeddable":true,"href":"https:\/\/linitiative.ca\/International\/wp-json\/wp\/v2\/categories?post=63273"},{"taxonomy":"post_tag","embeddable":true,"href":"https:\/\/linitiative.ca\/International\/wp-json\/wp\/v2\/tags?post=63273"}],"curies":[{"name":"wp","href":"https:\/\/api.w.org\/{rel}","templated":true}]}}