{"id":63279,"date":"2019-10-04T08:12:13","date_gmt":"2019-10-04T12:12:13","guid":{"rendered":"https:\/\/linitiative.ca\/International\/selon-les-chiffres-de-lins-stabilisation-du-taux-dinflation-a-67\/"},"modified":"2019-10-04T08:12:13","modified_gmt":"2019-10-04T12:12:13","slug":"selon-les-chiffres-de-lins-stabilisation-du-taux-dinflation-a-67","status":"publish","type":"post","link":"https:\/\/linitiative.ca\/International\/selon-les-chiffres-de-lins-stabilisation-du-taux-dinflation-a-67\/","title":{"rendered":"Selon les chiffres de l\u2019INS : Stabilisation du taux d\u2019inflation \u00e0 6,7%"},"content":{"rendered":"<p>En septembre 2019, le taux d\u2019inflation s\u2019est stabilis\u00e9 \u00e0 6,7%, selon les chiffres publi\u00e9s, vendredi, par l\u2019Institut national de la Statistique (INS).<\/p>\n<p>Cette stabilit\u00e9 est expliqu\u00e9e d\u2019une part, par la d\u00e9c\u00e9l\u00e9ration du rythme d\u2019augmentation des prix de l\u2019alimentation (7,3% contre 7,4% en Aout) et d\u2019autre part, par l\u2019acc\u00e9l\u00e9ration observ\u00e9e au niveau du rythme d\u2019augmentation des prix des boissons alcoolis\u00e9s et tabac 22,4% contre 15,2% et des prix des produits et services d\u2019enseignement 6,9% contre 5,4%.<\/p>\n<p>L\u2019Institut a pr\u00e9cis\u00e9 qu\u2019en septembre 2019, les prix \u00e0 la consommation ont augment\u00e9 de 0,6% pour le deuxi\u00e8me mois cons\u00e9cutif. Cette hausse provient essentiellement de l\u2019augmentation des prix du tabac de 6,3% et des prix des services et produits de l\u2019enseignement de 4,0%, En revanche, selon l\u2019INS, les prix de l\u2019alimentation et l\u2019habillement demeurent constants<\/p>\n<p>En variation mensuelle, les prix des produits alimentaires restent constants en raison, d\u2019une part, de la hausse des prix des l\u00e9gumes secs de 1,3%, des poissons frais et \u0153ufs de 0,9% et des fromages et d\u00e9riv\u00e9s de lait de 0,6%.<\/p>\n<p>D\u2019autre part, selon les m\u00eames statistiques, les prix \u00e0 la consommation ont baiss\u00e9 au niveau des prix des volailles de 1,8% et des prix des l\u00e9gumes frais de 1,2%.<\/p>\n<p class=\"dpsp-share-text\">Partager c&rsquo;est aimer!<\/p>\n<div class=\"wp-post-author-wrap wp-post-author-shortcode left\">\n<h3 class=\"awpa-title\"\/>\n<div class=\"wp-post-author\">\n<div class=\"awpa-img awpa-author-block square\"><a href=\"http:\/\/lexpertjournal.net\/fr\/author\/expert\/\"><img loading=\"lazy\" decoding=\"async\" alt=\"\" src=\"http:\/\/2.gravatar.com\/avatar\/56d99be2a6f97af88ccb49fada637fcd?s=150&#038;d=mm&#038;r=g\" srcset=\"http:\/\/2.gravatar.com\/avatar\/56d99be2a6f97af88ccb49fada637fcd?s=300&#038;d=mm&#038;r=g 2x\" class=\"avatar avatar-150 photo\" height=\"150\" width=\"150\"\/><\/a><\/div>\n<\/div>\n<\/div>\n<p>Auteur: L&rsquo;expert<br \/>\n<a href=\"http:\/\/lexpertjournal.net\/fr\/2019\/10\/04\/selon-les-chiffres-de-lins-stabilisation-du-taux-dinflation-a-67\/\">Cliquez ici pour lire l&rsquo;article depuis sa source.<\/a><\/p>\n","protected":false},"excerpt":{"rendered":"<p>En septembre 2019, le taux d\u2019inflation s\u2019est stabilis\u00e9 \u00e0 6,7%, selon les chiffres publi\u00e9s, vendredi, par l\u2019Institut national de la Statistique (INS). Cette stabilit\u00e9 est expliqu\u00e9e d\u2019une part, par la d\u00e9c\u00e9l\u00e9ration du rythme d\u2019augmentation des prix de l\u2019alimentation (7,3% contre 7,4% en Aout) et d\u2019autre part, par l\u2019acc\u00e9l\u00e9ration observ\u00e9e au niveau du rythme d\u2019augmentation des [&hellip;]<\/p>\n","protected":false},"author":1775,"featured_media":0,"comment_status":"closed","ping_status":"closed","sticky":false,"template":"","format":"standard","meta":{"fifu_image_url":"","fifu_image_alt":"","footnotes":""},"categories":[78,55],"tags":[],"class_list":["post-63279","post","type-post","status-publish","format-standard","hentry","category-economie","category-tunisie"],"_links":{"self":[{"href":"https:\/\/linitiative.ca\/International\/wp-json\/wp\/v2\/posts\/63279","targetHints":{"allow":["GET"]}}],"collection":[{"href":"https:\/\/linitiative.ca\/International\/wp-json\/wp\/v2\/posts"}],"about":[{"href":"https:\/\/linitiative.ca\/International\/wp-json\/wp\/v2\/types\/post"}],"author":[{"embeddable":true,"href":"https:\/\/linitiative.ca\/International\/wp-json\/wp\/v2\/users\/1775"}],"replies":[{"embeddable":true,"href":"https:\/\/linitiative.ca\/International\/wp-json\/wp\/v2\/comments?post=63279"}],"version-history":[{"count":0,"href":"https:\/\/linitiative.ca\/International\/wp-json\/wp\/v2\/posts\/63279\/revisions"}],"wp:attachment":[{"href":"https:\/\/linitiative.ca\/International\/wp-json\/wp\/v2\/media?parent=63279"}],"wp:term":[{"taxonomy":"category","embeddable":true,"href":"https:\/\/linitiative.ca\/International\/wp-json\/wp\/v2\/categories?post=63279"},{"taxonomy":"post_tag","embeddable":true,"href":"https:\/\/linitiative.ca\/International\/wp-json\/wp\/v2\/tags?post=63279"}],"curies":[{"name":"wp","href":"https:\/\/api.w.org\/{rel}","templated":true}]}}