{"id":63280,"date":"2019-10-04T08:14:30","date_gmt":"2019-10-04T12:14:30","guid":{"rendered":"https:\/\/linitiative.ca\/International\/consommation-augmentation-de-73-des-prix-de-lalimentation\/"},"modified":"2019-10-04T08:14:30","modified_gmt":"2019-10-04T12:14:30","slug":"consommation-augmentation-de-73-des-prix-de-lalimentation","status":"publish","type":"post","link":"https:\/\/linitiative.ca\/International\/consommation-augmentation-de-73-des-prix-de-lalimentation\/","title":{"rendered":"Consommation : Augmentation de 7,3% des prix de l\u2019alimentation"},"content":{"rendered":"<p>En septembre 2019, les prix de l\u2019alimentation augmentent de 7,3 % sur un an. Ce taux est expliqu\u00e9 par l\u2019augmentation des prix des l\u00e9gumes 10,1%, des fromages et \u0153ufs de 9,1%, des viandes de 8,6%, des fruits de 7,8% et des boissons et jus de 7,6%, selon les chiffres de l\u2019Institut national de la statistique (INS). Quant aux produits manufactur\u00e9s, ils ont augment\u00e9 de 8,2% cen raison de la hausse des prix des produits d\u2019entretien courant du foyer de 10,2% et des prix des mat\u00e9riaux de construction de 9,2%.<\/p>\n<p>Le taux d\u2019inflation sous-jacente (hors produits alimentaires et \u00e9nergie) s\u2019\u00e9tablit \u00e0 6,9% contre 6,7% en ao\u00fbt et 6,5% en juillet 2019. Les prix des produits libres non encadr\u00e9s augmentent de 7,3% contre 4,9% pour les prix encadr\u00e9s. Les produits alimentaires libres ont connu une augmentation de 8,4% contre 2,4% pour les produits alimentaires \u00e0 prix administr\u00e9s.<\/p>\n<p>Les produits et services d\u2019enseignement prennent leur ascension \u00e0 l\u2019occasion de la rentr\u00e9e scolaire et universitaire 2019-2020, les services et fournitures scolaires ont enregistr\u00e9 une augmentation remarquable de 4,0%.<\/p>\n<p>Ainsi, les prix des services d\u2019enseignement pr\u00e9\u00e9l\u00e9mentaire et primaire priv\u00e9 ont augment\u00e9 de 3,7%, ceux de l\u2019enseignement secondaire priv\u00e9 de 4,9% et les fournitures scolaires ont augment\u00e9 de 7%,<\/p>\n<p class=\"dpsp-share-text\">Partager c&rsquo;est aimer!<\/p>\n<div class=\"wp-post-author-wrap wp-post-author-shortcode left\">\n<h3 class=\"awpa-title\"\/>\n<div class=\"wp-post-author\">\n<div class=\"awpa-img awpa-author-block square\"><a href=\"http:\/\/lexpertjournal.net\/fr\/author\/expert\/\"><img loading=\"lazy\" decoding=\"async\" alt=\"\" src=\"http:\/\/2.gravatar.com\/avatar\/56d99be2a6f97af88ccb49fada637fcd?s=150&#038;d=mm&#038;r=g\" srcset=\"http:\/\/2.gravatar.com\/avatar\/56d99be2a6f97af88ccb49fada637fcd?s=300&#038;d=mm&#038;r=g 2x\" class=\"avatar avatar-150 photo\" height=\"150\" width=\"150\"\/><\/a><\/div>\n<\/div>\n<\/div>\n<p>Auteur: L&rsquo;expert<br \/>\n<a href=\"http:\/\/lexpertjournal.net\/fr\/2019\/10\/04\/consommation-augmentation-de-73-des-prix-de-lalimentation\/\">Cliquez ici pour lire l&rsquo;article depuis sa source.<\/a><\/p>\n","protected":false},"excerpt":{"rendered":"<p>En septembre 2019, les prix de l\u2019alimentation augmentent de 7,3 % sur un an. Ce taux est expliqu\u00e9 par l\u2019augmentation des prix des l\u00e9gumes 10,1%, des fromages et \u0153ufs de 9,1%, des viandes de 8,6%, des fruits de 7,8% et des boissons et jus de 7,6%, selon les chiffres de l\u2019Institut national de la statistique [&hellip;]<\/p>\n","protected":false},"author":1775,"featured_media":0,"comment_status":"closed","ping_status":"closed","sticky":false,"template":"","format":"standard","meta":{"fifu_image_url":"","fifu_image_alt":"","footnotes":""},"categories":[78,55],"tags":[],"class_list":["post-63280","post","type-post","status-publish","format-standard","hentry","category-economie","category-tunisie"],"_links":{"self":[{"href":"https:\/\/linitiative.ca\/International\/wp-json\/wp\/v2\/posts\/63280","targetHints":{"allow":["GET"]}}],"collection":[{"href":"https:\/\/linitiative.ca\/International\/wp-json\/wp\/v2\/posts"}],"about":[{"href":"https:\/\/linitiative.ca\/International\/wp-json\/wp\/v2\/types\/post"}],"author":[{"embeddable":true,"href":"https:\/\/linitiative.ca\/International\/wp-json\/wp\/v2\/users\/1775"}],"replies":[{"embeddable":true,"href":"https:\/\/linitiative.ca\/International\/wp-json\/wp\/v2\/comments?post=63280"}],"version-history":[{"count":0,"href":"https:\/\/linitiative.ca\/International\/wp-json\/wp\/v2\/posts\/63280\/revisions"}],"wp:attachment":[{"href":"https:\/\/linitiative.ca\/International\/wp-json\/wp\/v2\/media?parent=63280"}],"wp:term":[{"taxonomy":"category","embeddable":true,"href":"https:\/\/linitiative.ca\/International\/wp-json\/wp\/v2\/categories?post=63280"},{"taxonomy":"post_tag","embeddable":true,"href":"https:\/\/linitiative.ca\/International\/wp-json\/wp\/v2\/tags?post=63280"}],"curies":[{"name":"wp","href":"https:\/\/api.w.org\/{rel}","templated":true}]}}